{"id":1186,"date":"2026-03-13T20:18:27","date_gmt":"2026-03-13T19:18:27","guid":{"rendered":"https:\/\/kanalpolityczny.tv\/?p=1186"},"modified":"2026-03-13T20:18:27","modified_gmt":"2026-03-13T19:18:27","slug":"ja-sobie-z-tym-poradze-tusk-idzie-na-wojne-z-prezydentem-nawrockim","status":"publish","type":"post","link":"https:\/\/kanalpolityczny.tv\/index.php\/2026\/03\/13\/ja-sobie-z-tym-poradze-tusk-idzie-na-wojne-z-prezydentem-nawrockim\/","title":{"rendered":"&#8222;Ja sobie z tym poradz\u0119&#8221;. Tusk idzie na wojn\u0119 z prezydentem Nawrockim"},"content":{"rendered":"<h2><strong>Premier Donald Tusk w ostrych s\u0142owach skomentowa\u0142 w TVP Info decyzj\u0119 prezydenta Karola Nawrockiego o zawetowaniu ustawy wdra\u017caj\u0105cej unijn\u0105 po\u017cyczk\u0119 SAFE na obronno\u015b\u0107. Szef rz\u0105du m\u00f3wi\u0142 o \u201eniebezpiecznej\u201d sytuacji w polityce i wskazywa\u0142 na rol\u0119 Jaros\u0142awa Kaczy\u0144skiego w sporze. Jednocze\u015bnie zapowiedzia\u0142, \u017ce rz\u0105d znajdzie spos\u00f3b, by \u015brodki na modernizacj\u0119 armii i tak trafi\u0142y do Polski.<\/strong><\/h2>\n<hr \/>\n<h2>Skr\u00f3t artyku\u0142u<\/h2>\n<ol>\n<li><strong>Donald Tusk oceni\u0142 w TVP Info, \u017ce sytuacja po wecie SAFE \u201erobi si\u0119 niebezpieczna\u201d<\/strong>\u00a0i ma \u201efundamentalne znaczenie\u201d.<\/li>\n<li>Premier stwierdzi\u0142, \u017ce\u00a0<strong>Jaros\u0142aw Kaczy\u0144ski \u201epoprowadzi\u0142 prezydenta za r\u0105czk\u0119\u201d<\/strong>\u00a0w sprawie weta i m\u00f3wi\u0142 o \u201ekampanii antyeuropejskiej\u201d.<\/li>\n<li>Tusk zapowiedzia\u0142, \u017ce\u00a0<strong>weto nie zatrzyma rz\u0105du<\/strong>, wskazuj\u0105c na uchwa\u0142\u0119 rz\u0105du jako dow\u00f3d, \u017ce \u015brodki maj\u0105 \u201etrafi\u0107 do armii\u201d.<\/li>\n<li>Szef rz\u0105du m\u00f3wi\u0142 o\u00a0<strong>ryzyku \u201ewst\u0119pu do polexitu\u201d<\/strong>\u00a0i powi\u0105za\u0142 sp\u00f3r z interesami Rosji; wypowiedzi prezydenta o suwerenno\u015bci nazwa\u0142\u00a0<strong>\u201ebredniami\u201d<\/strong>.<\/li>\n<\/ol>\n<hr \/>\n<p>W pi\u0105tkowym programie \u201ePytanie dnia\u201d w TVP Info premier Donald Tusk odni\u00f3s\u0142 si\u0119 do weta prezydenta Karola Nawrockiego wobec ustawy wdra\u017caj\u0105cej program SAFE.\u00a0<strong>\u201eSytuacja robi si\u0119 niebezpieczna\u201d<\/strong>\u00a0\u2013 powiedzia\u0142, dodaj\u0105c, \u017ce nie zamierza analizowa\u0107 \u201eosobowo\u015bci prezydenta\u201d, ale ocenia skutki polityczne weta jako powa\u017cne.<\/p>\n<p>Premier podkre\u015bli\u0142, \u017ce jego zdaniem problem nie dotyczy wy\u0142\u0105cznie samego weta, ale\u00a0<strong>\u201etego, co si\u0119 sta\u0142o z polsk\u0105 polityk\u0105 po prawej stronie\u201d<\/strong>.<\/p>\n<h2>Oskar\u017cenia o wp\u0142yw Kaczy\u0144skiego i \u201ekampani\u0119 antyeuropejsk\u0105\u201d<\/h2>\n<p>Tusk stwierdzi\u0142, \u017ce prezes PiS Jaros\u0142aw Kaczy\u0144ski mia\u0142 kluczowy wp\u0142yw na rozw\u00f3j sytuacji wok\u00f3\u0142 SAFE.\u00a0<strong>\u201eKaczy\u0144ski poprowadzi\u0142 prezydenta za r\u0105czk\u0119\u201d<\/strong>\u00a0\u2013 m\u00f3wi\u0142, dodaj\u0105c, \u017ce \u201ekampania antyeuropejska\u201d PiS mia\u0142a \u201epostawi\u0107 prezydenta w sytuacji bez wyj\u015bcia\u201d.<\/p>\n<h2>\u201ePoradz\u0119 sobie\u201d \u2013 rz\u0105d zapowiada wdro\u017cenie SAFE mimo weta<\/h2>\n<p>Szef rz\u0105du przekonywa\u0142, \u017ce\u00a0<strong>\u201enie ma co si\u0119 ba\u0107 bezpo\u015brednich konsekwencji weta\u201d<\/strong>, poniewa\u017c rz\u0105d \u2013 jak deklarowa\u0142 \u2013 znajdzie rozwi\u0105zanie, by \u015brodki trafi\u0142y do polskiej armii. Wskaza\u0142 przy tym na przyj\u0119t\u0105 uchwa\u0142\u0119 rz\u0105du jako potwierdzenie dzia\u0142a\u0144 po stronie Rady Ministr\u00f3w.<\/p>\n<p><strong>\u201eTa dzisiejsza uchwa\u0142a rz\u0105du to znak, \u017ce znajdziemy spos\u00f3b, \u017ceby te pieni\u0105dze do naszej armii trafi\u0142y\u201d<\/strong>\u00a0\u2013 o\u015bwiadczy\u0142.<\/p>\n<h2>\u201eWst\u0119p do polexitu\u201d i w\u0105tek rosyjski<\/h2>\n<p>W dalszej cz\u0119\u015bci wypowiedzi Tusk m\u00f3wi\u0142, \u017ce \u2013 jego zdaniem \u2013 narracja cz\u0119\u015bci prawicy mo\u017ce prowadzi\u0107 do podwa\u017cania fundament\u00f3w obecno\u015bci Polski w UE.\u00a0<strong>\u201eCi, kt\u00f3rzy m\u00f3wi\u0105, \u017ce to jest wst\u0119p do polexitu, maj\u0105 coraz wi\u0119cej racji\u201d<\/strong>\u00a0\u2013 stwierdzi\u0142.<\/p>\n<p>Premier odni\u00f3s\u0142 si\u0119 te\u017c do argumentacji prezydenta, \u017ce SAFE zagra\u017ca suwerenno\u015bci. Te s\u0142owa nazwa\u0142\u00a0<strong>\u201ebredniami\u201d<\/strong>, wskazuj\u0105c jednocze\u015bnie na znaczenie unijnych \u015brodk\u00f3w i mechanizm\u00f3w finansowych dla rozwoju Polski oraz potrzeb\u0119 szybkich decyzji w warunkach zagro\u017cenia.<\/p>\n<h2>Prezydent: \u201eNie podpisz\u0119 ustawy\u201d \u2013 rz\u0105d i prezydent w sporze o kierunek<\/h2>\n<p>Weto prezydenta Karola Nawrockiego zosta\u0142o uzasadnione obaw\u0105 o\u00a0<strong>przekazanie kompetencji w zakresie obronno\u015bci instytucjom UE<\/strong>\u00a0oraz ryzykiem wstrzymania finansowania. Rz\u0105d z kolei konsekwentnie argumentuje, \u017ce SAFE to narz\u0119dzie przyspieszaj\u0105ce modernizacj\u0119 si\u0142 zbrojnych, a czas ma kluczowe znaczenie dla sprawno\u015bci realizacji zakup\u00f3w i inwestycji.<\/p>\n<p>Sp\u00f3r o SAFE pozostaje jednym z najostrzejszych konflikt\u00f3w politycznych ostatnich tygodni, \u0142\u0105cz\u0105c w\u0105tki:\u00a0<strong>obronno\u015bci, suwerenno\u015bci, relacji z UE oraz wewn\u0119trznej rywalizacji politycznej<\/strong>.<\/p>\n","protected":false},"excerpt":{"rendered":"<p>Premier Donald Tusk w ostrych s\u0142owach skomentowa\u0142 w TVP Info decyzj\u0119 prezydenta Karola Nawrockiego o zawetowaniu ustawy wdra\u017caj\u0105cej unijn\u0105 po\u017cyczk\u0119 SAFE na obronno\u015b\u0107. Szef rz\u0105du m\u00f3wi\u0142 o \u201eniebezpiecznej\u201d sytuacji w polityce i wskazywa\u0142 na rol\u0119 Jaros\u0142awa Kaczy\u0144skiego w sporze. Jednocze\u015bnie zapowiedzia\u0142, \u017ce rz\u0105d znajdzie spos\u00f3b, by \u015brodki na modernizacj\u0119 armii i tak trafi\u0142y do Polski. [&hellip;]<\/p>\n","protected":false},"author":1,"featured_media":1187,"comment_status":"open","ping_status":"open","sticky":false,"template":"","format":"standard","meta":{"googlesitekit_rrm_CAowqI3HCw:productID":"","footnotes":""},"categories":[52],"tags":[],"class_list":["post-1186","post","type-post","status-publish","format-standard","has-post-thumbnail","hentry","category-kraj"],"yoast_head":"<!-- This site is optimized with the Yoast SEO plugin v27.5 - https:\/\/yoast.com\/product\/yoast-seo-wordpress\/ -->\n<title>&quot;Ja sobie z tym poradz\u0119&quot;. Tusk idzie na wojn\u0119 z prezydentem Nawrockim - Kana\u0142Polityczny.TV<\/title>\n<meta name=\"robots\" content=\"index, follow, max-snippet:-1, max-image-preview:large, max-video-preview:-1\" \/>\n<link rel=\"canonical\" href=\"https:\/\/kanalpolityczny.tv\/index.php\/2026\/03\/13\/ja-sobie-z-tym-poradze-tusk-idzie-na-wojne-z-prezydentem-nawrockim\/\" \/>\n<meta property=\"og:locale\" content=\"pl_PL\" \/>\n<meta property=\"og:type\" content=\"article\" \/>\n<meta property=\"og:title\" content=\"&quot;Ja sobie z tym poradz\u0119&quot;. Tusk idzie na wojn\u0119 z prezydentem Nawrockim - Kana\u0142Polityczny.TV\" \/>\n<meta property=\"og:description\" content=\"Premier Donald Tusk w ostrych s\u0142owach skomentowa\u0142 w TVP Info decyzj\u0119 prezydenta Karola Nawrockiego o zawetowaniu ustawy wdra\u017caj\u0105cej unijn\u0105 po\u017cyczk\u0119 SAFE na obronno\u015b\u0107. Szef rz\u0105du m\u00f3wi\u0142 o \u201eniebezpiecznej\u201d sytuacji w polityce i wskazywa\u0142 na rol\u0119 Jaros\u0142awa Kaczy\u0144skiego w sporze. Jednocze\u015bnie zapowiedzia\u0142, \u017ce rz\u0105d znajdzie spos\u00f3b, by \u015brodki na modernizacj\u0119 armii i tak trafi\u0142y do Polski. [&hellip;]\" \/>\n<meta property=\"og:url\" content=\"https:\/\/kanalpolityczny.tv\/index.php\/2026\/03\/13\/ja-sobie-z-tym-poradze-tusk-idzie-na-wojne-z-prezydentem-nawrockim\/\" \/>\n<meta property=\"og:site_name\" content=\"Kana\u0142Polityczny.TV\" \/>\n<meta property=\"article:published_time\" content=\"2026-03-13T19:18:27+00:00\" \/>\n<meta property=\"og:image\" content=\"https:\/\/kanalpolityczny.tv\/wp-content\/uploads\/2026\/03\/donald_tusk-1.jpg\" \/>\n\t<meta property=\"og:image:width\" content=\"1280\" \/>\n\t<meta property=\"og:image:height\" content=\"720\" \/>\n\t<meta property=\"og:image:type\" content=\"image\/jpeg\" \/>\n<meta name=\"author\" content=\"Judyta Jankowska\" \/>\n<meta name=\"twitter:card\" content=\"summary_large_image\" \/>\n<meta name=\"twitter:label1\" content=\"Napisane przez\" \/>\n\t<meta name=\"twitter:data1\" content=\"Judyta Jankowska\" \/>\n\t<meta name=\"twitter:label2\" content=\"Szacowany czas czytania\" \/>\n\t<meta name=\"twitter:data2\" content=\"3 minuty\" \/>\n<script type=\"application\/ld+json\" class=\"yoast-schema-graph\">{\"@context\":\"https:\\\/\\\/schema.org\",\"@graph\":[{\"@type\":\"Article\",\"@id\":\"https:\\\/\\\/kanalpolityczny.tv\\\/index.php\\\/2026\\\/03\\\/13\\\/ja-sobie-z-tym-poradze-tusk-idzie-na-wojne-z-prezydentem-nawrockim\\\/#article\",\"isPartOf\":{\"@id\":\"https:\\\/\\\/kanalpolityczny.tv\\\/index.php\\\/2026\\\/03\\\/13\\\/ja-sobie-z-tym-poradze-tusk-idzie-na-wojne-z-prezydentem-nawrockim\\\/\"},\"author\":{\"name\":\"Judyta Jankowska\",\"@id\":\"https:\\\/\\\/kanalpolityczny.tv\\\/#\\\/schema\\\/person\\\/fc214b6f7f453d60dbd2f73586a2a215\"},\"headline\":\"&#8222;Ja sobie z tym poradz\u0119&#8221;. Tusk idzie na wojn\u0119 z prezydentem Nawrockim\",\"datePublished\":\"2026-03-13T19:18:27+00:00\",\"mainEntityOfPage\":{\"@id\":\"https:\\\/\\\/kanalpolityczny.tv\\\/index.php\\\/2026\\\/03\\\/13\\\/ja-sobie-z-tym-poradze-tusk-idzie-na-wojne-z-prezydentem-nawrockim\\\/\"},\"wordCount\":566,\"commentCount\":0,\"publisher\":{\"@id\":\"https:\\\/\\\/kanalpolityczny.tv\\\/#organization\"},\"image\":{\"@id\":\"https:\\\/\\\/kanalpolityczny.tv\\\/index.php\\\/2026\\\/03\\\/13\\\/ja-sobie-z-tym-poradze-tusk-idzie-na-wojne-z-prezydentem-nawrockim\\\/#primaryimage\"},\"thumbnailUrl\":\"https:\\\/\\\/kanalpolityczny.tv\\\/wp-content\\\/uploads\\\/2026\\\/03\\\/donald_tusk-1.jpg\",\"articleSection\":[\"Kraj\"],\"inLanguage\":\"pl-PL\",\"potentialAction\":[{\"@type\":\"CommentAction\",\"name\":\"Comment\",\"target\":[\"https:\\\/\\\/kanalpolityczny.tv\\\/index.php\\\/2026\\\/03\\\/13\\\/ja-sobie-z-tym-poradze-tusk-idzie-na-wojne-z-prezydentem-nawrockim\\\/#respond\"]}]},{\"@type\":\"WebPage\",\"@id\":\"https:\\\/\\\/kanalpolityczny.tv\\\/index.php\\\/2026\\\/03\\\/13\\\/ja-sobie-z-tym-poradze-tusk-idzie-na-wojne-z-prezydentem-nawrockim\\\/\",\"url\":\"https:\\\/\\\/kanalpolityczny.tv\\\/index.php\\\/2026\\\/03\\\/13\\\/ja-sobie-z-tym-poradze-tusk-idzie-na-wojne-z-prezydentem-nawrockim\\\/\",\"name\":\"\\\"Ja sobie z tym poradz\u0119\\\". Tusk idzie na wojn\u0119 z prezydentem Nawrockim - Kana\u0142Polityczny.TV\",\"isPartOf\":{\"@id\":\"https:\\\/\\\/kanalpolityczny.tv\\\/#website\"},\"primaryImageOfPage\":{\"@id\":\"https:\\\/\\\/kanalpolityczny.tv\\\/index.php\\\/2026\\\/03\\\/13\\\/ja-sobie-z-tym-poradze-tusk-idzie-na-wojne-z-prezydentem-nawrockim\\\/#primaryimage\"},\"image\":{\"@id\":\"https:\\\/\\\/kanalpolityczny.tv\\\/index.php\\\/2026\\\/03\\\/13\\\/ja-sobie-z-tym-poradze-tusk-idzie-na-wojne-z-prezydentem-nawrockim\\\/#primaryimage\"},\"thumbnailUrl\":\"https:\\\/\\\/kanalpolityczny.tv\\\/wp-content\\\/uploads\\\/2026\\\/03\\\/donald_tusk-1.jpg\",\"datePublished\":\"2026-03-13T19:18:27+00:00\",\"breadcrumb\":{\"@id\":\"https:\\\/\\\/kanalpolityczny.tv\\\/index.php\\\/2026\\\/03\\\/13\\\/ja-sobie-z-tym-poradze-tusk-idzie-na-wojne-z-prezydentem-nawrockim\\\/#breadcrumb\"},\"inLanguage\":\"pl-PL\",\"potentialAction\":[{\"@type\":\"ReadAction\",\"target\":[\"https:\\\/\\\/kanalpolityczny.tv\\\/index.php\\\/2026\\\/03\\\/13\\\/ja-sobie-z-tym-poradze-tusk-idzie-na-wojne-z-prezydentem-nawrockim\\\/\"]}]},{\"@type\":\"ImageObject\",\"inLanguage\":\"pl-PL\",\"@id\":\"https:\\\/\\\/kanalpolityczny.tv\\\/index.php\\\/2026\\\/03\\\/13\\\/ja-sobie-z-tym-poradze-tusk-idzie-na-wojne-z-prezydentem-nawrockim\\\/#primaryimage\",\"url\":\"https:\\\/\\\/kanalpolityczny.tv\\\/wp-content\\\/uploads\\\/2026\\\/03\\\/donald_tusk-1.jpg\",\"contentUrl\":\"https:\\\/\\\/kanalpolityczny.tv\\\/wp-content\\\/uploads\\\/2026\\\/03\\\/donald_tusk-1.jpg\",\"width\":1280,\"height\":720},{\"@type\":\"BreadcrumbList\",\"@id\":\"https:\\\/\\\/kanalpolityczny.tv\\\/index.php\\\/2026\\\/03\\\/13\\\/ja-sobie-z-tym-poradze-tusk-idzie-na-wojne-z-prezydentem-nawrockim\\\/#breadcrumb\",\"itemListElement\":[{\"@type\":\"ListItem\",\"position\":1,\"name\":\"Strona g\u0142\u00f3wna\",\"item\":\"https:\\\/\\\/kanalpolityczny.tv\\\/\"},{\"@type\":\"ListItem\",\"position\":2,\"name\":\"&#8222;Ja sobie z tym poradz\u0119&#8221;. Tusk idzie na wojn\u0119 z prezydentem Nawrockim\"}]},{\"@type\":\"WebSite\",\"@id\":\"https:\\\/\\\/kanalpolityczny.tv\\\/#website\",\"url\":\"https:\\\/\\\/kanalpolityczny.tv\\\/\",\"name\":\"Kana\u0142Polityczny.TV\",\"description\":\"\",\"publisher\":{\"@id\":\"https:\\\/\\\/kanalpolityczny.tv\\\/#organization\"},\"potentialAction\":[{\"@type\":\"SearchAction\",\"target\":{\"@type\":\"EntryPoint\",\"urlTemplate\":\"https:\\\/\\\/kanalpolityczny.tv\\\/?s={search_term_string}\"},\"query-input\":{\"@type\":\"PropertyValueSpecification\",\"valueRequired\":true,\"valueName\":\"search_term_string\"}}],\"inLanguage\":\"pl-PL\"},{\"@type\":\"Organization\",\"@id\":\"https:\\\/\\\/kanalpolityczny.tv\\\/#organization\",\"name\":\"Kana\u0142Polityczny.TV\",\"url\":\"https:\\\/\\\/kanalpolityczny.tv\\\/\",\"logo\":{\"@type\":\"ImageObject\",\"inLanguage\":\"pl-PL\",\"@id\":\"https:\\\/\\\/kanalpolityczny.tv\\\/#\\\/schema\\\/logo\\\/image\\\/\",\"url\":\"https:\\\/\\\/kanalpolityczny.tv\\\/wp-content\\\/uploads\\\/2025\\\/07\\\/cropped-Bez-nazwy-2.png\",\"contentUrl\":\"https:\\\/\\\/kanalpolityczny.tv\\\/wp-content\\\/uploads\\\/2025\\\/07\\\/cropped-Bez-nazwy-2.png\",\"width\":526,\"height\":174,\"caption\":\"Kana\u0142Polityczny.TV\"},\"image\":{\"@id\":\"https:\\\/\\\/kanalpolityczny.tv\\\/#\\\/schema\\\/logo\\\/image\\\/\"}},{\"@type\":\"Person\",\"@id\":\"https:\\\/\\\/kanalpolityczny.tv\\\/#\\\/schema\\\/person\\\/fc214b6f7f453d60dbd2f73586a2a215\",\"name\":\"Judyta Jankowska\",\"image\":{\"@type\":\"ImageObject\",\"inLanguage\":\"pl-PL\",\"@id\":\"http:\\\/\\\/kanalpolityczny.tv\\\/wp-content\\\/uploads\\\/2025\\\/07\\\/cropped-gpt-image-1_wygeneruj_fotorealis-96x96.png\",\"url\":\"http:\\\/\\\/kanalpolityczny.tv\\\/wp-content\\\/uploads\\\/2025\\\/07\\\/cropped-gpt-image-1_wygeneruj_fotorealis-96x96.png\",\"contentUrl\":\"http:\\\/\\\/kanalpolityczny.tv\\\/wp-content\\\/uploads\\\/2025\\\/07\\\/cropped-gpt-image-1_wygeneruj_fotorealis-96x96.png\",\"caption\":\"Judyta Jankowska\"},\"description\":\"29-letnia dziennikarka specjalizuj\u0105ca si\u0119 w tematyce spo\u0142ecznej i reporta\u017cu \u015bledczym. Od sze\u015bciu lat zwi\u0105zana z mediami \u2013 pracowa\u0142a m.in. w redakcjach og\u00f3lnopolskich portali informacyjnych i magazyn\u00f3w. Znana z dociekliwo\u015bci i umiej\u0119tno\u015bci budowania relacji z rozm\u00f3wcami. Jej pasj\u0105 s\u0105 podr\u00f3\u017ce po mniej znanych zak\u0105tkach Polski, fotografia analogowa oraz bieganie w maratonach miejskich. W wolnych chwilach prowadzi bloga o lokalnych inicjatywach spo\u0142ecznych.\",\"sameAs\":[\"http:\\\/\\\/kanalpolityczny.tv\"],\"url\":\"https:\\\/\\\/kanalpolityczny.tv\\\/index.php\\\/author\\\/admin3340\\\/\"}]}<\/script>\n<!-- \/ Yoast SEO plugin. -->","yoast_head_json":{"title":"\"Ja sobie z tym poradz\u0119\". Tusk idzie na wojn\u0119 z prezydentem Nawrockim - Kana\u0142Polityczny.TV","robots":{"index":"index","follow":"follow","max-snippet":"max-snippet:-1","max-image-preview":"max-image-preview:large","max-video-preview":"max-video-preview:-1"},"canonical":"https:\/\/kanalpolityczny.tv\/index.php\/2026\/03\/13\/ja-sobie-z-tym-poradze-tusk-idzie-na-wojne-z-prezydentem-nawrockim\/","og_locale":"pl_PL","og_type":"article","og_title":"\"Ja sobie z tym poradz\u0119\". Tusk idzie na wojn\u0119 z prezydentem Nawrockim - Kana\u0142Polityczny.TV","og_description":"Premier Donald Tusk w ostrych s\u0142owach skomentowa\u0142 w TVP Info decyzj\u0119 prezydenta Karola Nawrockiego o zawetowaniu ustawy wdra\u017caj\u0105cej unijn\u0105 po\u017cyczk\u0119 SAFE na obronno\u015b\u0107. Szef rz\u0105du m\u00f3wi\u0142 o \u201eniebezpiecznej\u201d sytuacji w polityce i wskazywa\u0142 na rol\u0119 Jaros\u0142awa Kaczy\u0144skiego w sporze. Jednocze\u015bnie zapowiedzia\u0142, \u017ce rz\u0105d znajdzie spos\u00f3b, by \u015brodki na modernizacj\u0119 armii i tak trafi\u0142y do Polski. [&hellip;]","og_url":"https:\/\/kanalpolityczny.tv\/index.php\/2026\/03\/13\/ja-sobie-z-tym-poradze-tusk-idzie-na-wojne-z-prezydentem-nawrockim\/","og_site_name":"Kana\u0142Polityczny.TV","article_published_time":"2026-03-13T19:18:27+00:00","og_image":[{"width":1280,"height":720,"url":"https:\/\/kanalpolityczny.tv\/wp-content\/uploads\/2026\/03\/donald_tusk-1.jpg","type":"image\/jpeg"}],"author":"Judyta Jankowska","twitter_card":"summary_large_image","twitter_misc":{"Napisane przez":"Judyta Jankowska","Szacowany czas czytania":"3 minuty"},"schema":{"@context":"https:\/\/schema.org","@graph":[{"@type":"Article","@id":"https:\/\/kanalpolityczny.tv\/index.php\/2026\/03\/13\/ja-sobie-z-tym-poradze-tusk-idzie-na-wojne-z-prezydentem-nawrockim\/#article","isPartOf":{"@id":"https:\/\/kanalpolityczny.tv\/index.php\/2026\/03\/13\/ja-sobie-z-tym-poradze-tusk-idzie-na-wojne-z-prezydentem-nawrockim\/"},"author":{"name":"Judyta Jankowska","@id":"https:\/\/kanalpolityczny.tv\/#\/schema\/person\/fc214b6f7f453d60dbd2f73586a2a215"},"headline":"&#8222;Ja sobie z tym poradz\u0119&#8221;. Tusk idzie na wojn\u0119 z prezydentem Nawrockim","datePublished":"2026-03-13T19:18:27+00:00","mainEntityOfPage":{"@id":"https:\/\/kanalpolityczny.tv\/index.php\/2026\/03\/13\/ja-sobie-z-tym-poradze-tusk-idzie-na-wojne-z-prezydentem-nawrockim\/"},"wordCount":566,"commentCount":0,"publisher":{"@id":"https:\/\/kanalpolityczny.tv\/#organization"},"image":{"@id":"https:\/\/kanalpolityczny.tv\/index.php\/2026\/03\/13\/ja-sobie-z-tym-poradze-tusk-idzie-na-wojne-z-prezydentem-nawrockim\/#primaryimage"},"thumbnailUrl":"https:\/\/kanalpolityczny.tv\/wp-content\/uploads\/2026\/03\/donald_tusk-1.jpg","articleSection":["Kraj"],"inLanguage":"pl-PL","potentialAction":[{"@type":"CommentAction","name":"Comment","target":["https:\/\/kanalpolityczny.tv\/index.php\/2026\/03\/13\/ja-sobie-z-tym-poradze-tusk-idzie-na-wojne-z-prezydentem-nawrockim\/#respond"]}]},{"@type":"WebPage","@id":"https:\/\/kanalpolityczny.tv\/index.php\/2026\/03\/13\/ja-sobie-z-tym-poradze-tusk-idzie-na-wojne-z-prezydentem-nawrockim\/","url":"https:\/\/kanalpolityczny.tv\/index.php\/2026\/03\/13\/ja-sobie-z-tym-poradze-tusk-idzie-na-wojne-z-prezydentem-nawrockim\/","name":"\"Ja sobie z tym poradz\u0119\". Tusk idzie na wojn\u0119 z prezydentem Nawrockim - Kana\u0142Polityczny.TV","isPartOf":{"@id":"https:\/\/kanalpolityczny.tv\/#website"},"primaryImageOfPage":{"@id":"https:\/\/kanalpolityczny.tv\/index.php\/2026\/03\/13\/ja-sobie-z-tym-poradze-tusk-idzie-na-wojne-z-prezydentem-nawrockim\/#primaryimage"},"image":{"@id":"https:\/\/kanalpolityczny.tv\/index.php\/2026\/03\/13\/ja-sobie-z-tym-poradze-tusk-idzie-na-wojne-z-prezydentem-nawrockim\/#primaryimage"},"thumbnailUrl":"https:\/\/kanalpolityczny.tv\/wp-content\/uploads\/2026\/03\/donald_tusk-1.jpg","datePublished":"2026-03-13T19:18:27+00:00","breadcrumb":{"@id":"https:\/\/kanalpolityczny.tv\/index.php\/2026\/03\/13\/ja-sobie-z-tym-poradze-tusk-idzie-na-wojne-z-prezydentem-nawrockim\/#breadcrumb"},"inLanguage":"pl-PL","potentialAction":[{"@type":"ReadAction","target":["https:\/\/kanalpolityczny.tv\/index.php\/2026\/03\/13\/ja-sobie-z-tym-poradze-tusk-idzie-na-wojne-z-prezydentem-nawrockim\/"]}]},{"@type":"ImageObject","inLanguage":"pl-PL","@id":"https:\/\/kanalpolityczny.tv\/index.php\/2026\/03\/13\/ja-sobie-z-tym-poradze-tusk-idzie-na-wojne-z-prezydentem-nawrockim\/#primaryimage","url":"https:\/\/kanalpolityczny.tv\/wp-content\/uploads\/2026\/03\/donald_tusk-1.jpg","contentUrl":"https:\/\/kanalpolityczny.tv\/wp-content\/uploads\/2026\/03\/donald_tusk-1.jpg","width":1280,"height":720},{"@type":"BreadcrumbList","@id":"https:\/\/kanalpolityczny.tv\/index.php\/2026\/03\/13\/ja-sobie-z-tym-poradze-tusk-idzie-na-wojne-z-prezydentem-nawrockim\/#breadcrumb","itemListElement":[{"@type":"ListItem","position":1,"name":"Strona g\u0142\u00f3wna","item":"https:\/\/kanalpolityczny.tv\/"},{"@type":"ListItem","position":2,"name":"&#8222;Ja sobie z tym poradz\u0119&#8221;. Tusk idzie na wojn\u0119 z prezydentem Nawrockim"}]},{"@type":"WebSite","@id":"https:\/\/kanalpolityczny.tv\/#website","url":"https:\/\/kanalpolityczny.tv\/","name":"Kana\u0142Polityczny.TV","description":"","publisher":{"@id":"https:\/\/kanalpolityczny.tv\/#organization"},"potentialAction":[{"@type":"SearchAction","target":{"@type":"EntryPoint","urlTemplate":"https:\/\/kanalpolityczny.tv\/?s={search_term_string}"},"query-input":{"@type":"PropertyValueSpecification","valueRequired":true,"valueName":"search_term_string"}}],"inLanguage":"pl-PL"},{"@type":"Organization","@id":"https:\/\/kanalpolityczny.tv\/#organization","name":"Kana\u0142Polityczny.TV","url":"https:\/\/kanalpolityczny.tv\/","logo":{"@type":"ImageObject","inLanguage":"pl-PL","@id":"https:\/\/kanalpolityczny.tv\/#\/schema\/logo\/image\/","url":"https:\/\/kanalpolityczny.tv\/wp-content\/uploads\/2025\/07\/cropped-Bez-nazwy-2.png","contentUrl":"https:\/\/kanalpolityczny.tv\/wp-content\/uploads\/2025\/07\/cropped-Bez-nazwy-2.png","width":526,"height":174,"caption":"Kana\u0142Polityczny.TV"},"image":{"@id":"https:\/\/kanalpolityczny.tv\/#\/schema\/logo\/image\/"}},{"@type":"Person","@id":"https:\/\/kanalpolityczny.tv\/#\/schema\/person\/fc214b6f7f453d60dbd2f73586a2a215","name":"Judyta Jankowska","image":{"@type":"ImageObject","inLanguage":"pl-PL","@id":"https:\/\/kanalpolityczny.tv\/wp-content\/uploads\/2025\/07\/cropped-gpt-image-1_wygeneruj_fotorealis-96x96.png","url":"https:\/\/kanalpolityczny.tv\/wp-content\/uploads\/2025\/07\/cropped-gpt-image-1_wygeneruj_fotorealis-96x96.png","contentUrl":"https:\/\/kanalpolityczny.tv\/wp-content\/uploads\/2025\/07\/cropped-gpt-image-1_wygeneruj_fotorealis-96x96.png","caption":"Judyta Jankowska"},"description":"29-letnia dziennikarka specjalizuj\u0105ca si\u0119 w tematyce spo\u0142ecznej i reporta\u017cu \u015bledczym. Od sze\u015bciu lat zwi\u0105zana z mediami \u2013 pracowa\u0142a m.in. w redakcjach og\u00f3lnopolskich portali informacyjnych i magazyn\u00f3w. Znana z dociekliwo\u015bci i umiej\u0119tno\u015bci budowania relacji z rozm\u00f3wcami. Jej pasj\u0105 s\u0105 podr\u00f3\u017ce po mniej znanych zak\u0105tkach Polski, fotografia analogowa oraz bieganie w maratonach miejskich. W wolnych chwilach prowadzi bloga o lokalnych inicjatywach spo\u0142ecznych.","sameAs":["https:\/\/kanalpolityczny.tv"],"url":"https:\/\/kanalpolityczny.tv\/index.php\/author\/admin3340\/"}]}},"_links":{"self":[{"href":"https:\/\/kanalpolityczny.tv\/index.php\/wp-json\/wp\/v2\/posts\/1186","targetHints":{"allow":["GET"]}}],"collection":[{"href":"https:\/\/kanalpolityczny.tv\/index.php\/wp-json\/wp\/v2\/posts"}],"about":[{"href":"https:\/\/kanalpolityczny.tv\/index.php\/wp-json\/wp\/v2\/types\/post"}],"author":[{"embeddable":true,"href":"https:\/\/kanalpolityczny.tv\/index.php\/wp-json\/wp\/v2\/users\/1"}],"replies":[{"embeddable":true,"href":"https:\/\/kanalpolityczny.tv\/index.php\/wp-json\/wp\/v2\/comments?post=1186"}],"version-history":[{"count":1,"href":"https:\/\/kanalpolityczny.tv\/index.php\/wp-json\/wp\/v2\/posts\/1186\/revisions"}],"predecessor-version":[{"id":1188,"href":"https:\/\/kanalpolityczny.tv\/index.php\/wp-json\/wp\/v2\/posts\/1186\/revisions\/1188"}],"wp:featuredmedia":[{"embeddable":true,"href":"https:\/\/kanalpolityczny.tv\/index.php\/wp-json\/wp\/v2\/media\/1187"}],"wp:attachment":[{"href":"https:\/\/kanalpolityczny.tv\/index.php\/wp-json\/wp\/v2\/media?parent=1186"}],"wp:term":[{"taxonomy":"category","embeddable":true,"href":"https:\/\/kanalpolityczny.tv\/index.php\/wp-json\/wp\/v2\/categories?post=1186"},{"taxonomy":"post_tag","embeddable":true,"href":"https:\/\/kanalpolityczny.tv\/index.php\/wp-json\/wp\/v2\/tags?post=1186"}],"curies":[{"name":"wp","href":"https:\/\/api.w.org\/{rel}","templated":true}]}}