{"id":1184,"date":"2026-03-13T17:16:31","date_gmt":"2026-03-13T16:16:31","guid":{"rendered":"https:\/\/kanalpolityczny.tv\/?p=1184"},"modified":"2026-03-13T17:16:31","modified_gmt":"2026-03-13T16:16:31","slug":"rzad-tuska-uruchamia-plan-b-ministrowie-ze-specjalnymi-uprawnieniami","status":"publish","type":"post","link":"https:\/\/kanalpolityczny.tv\/index.php\/2026\/03\/13\/rzad-tuska-uruchamia-plan-b-ministrowie-ze-specjalnymi-uprawnieniami\/","title":{"rendered":"Rz\u0105d Tuska uruchamia &#8222;plan B&#8221;. Ministrowie ze specjalnymi uprawnieniami"},"content":{"rendered":"<p><strong>Rz\u0105d przyj\u0105\u0142 uchwa\u0142\u0119 w sprawie Programu Polska Zbrojna i upowa\u017cni\u0142 ministr\u00f3w do podpisania umowy dotycz\u0105cej unijnego programu SAFE. Zgodnie z dokumentem\u00a0po\u017cyczka z SAFE ma zosta\u0107 zaci\u0105gni\u0119ta przez BGK na rzecz Funduszu Wsparcia Si\u0142 Zbrojnych, mimo \u017ce prezydent Karol Nawrocki zawetowa\u0142 ustaw\u0119 wdra\u017caj\u0105c\u0105 SAFE. Decyzja zapad\u0142a po nadzwyczajnym posiedzeniu Rady Ministr\u00f3w, zwo\u0142anym dzie\u0144 po prezydenckim or\u0119dziu. W posiedzeniu uczestniczy\u0142 tak\u017ce przedstawiciel prezydenta \u2013 szef KPRP Zbigniew Bogucki.<\/strong><\/p>\n<hr \/>\n<h2>Skr\u00f3t artyku\u0142u<\/h2>\n<ol>\n<li><strong>Rz\u0105d przyj\u0105\u0142 uchwa\u0142\u0119 ws. Programu Polska Zbrojna<\/strong>\u00a0i upowa\u017cni\u0142 szefa MON oraz ministra finans\u00f3w i gospodarki do podpisania umowy dotycz\u0105cej SAFE.<\/li>\n<li><strong>Po\u017cyczk\u0119 z SAFE ma zaci\u0105gn\u0105\u0107 BGK na rzecz Funduszu Wsparcia Si\u0142 Zbrojnych<\/strong>; koordynacja ma nale\u017ce\u0107 do MON.<\/li>\n<li>W uchwale zapisano m.in.\u00a0<strong>system kontroli, os\u0142on\u0119 antykorupcyjn\u0105 i kontrwywiadowcz\u0105<\/strong>\u00a0przy wydatkowaniu \u015brodk\u00f3w.<\/li>\n<li>Prezydent Karol Nawrocki w or\u0119dziu zapowiedzia\u0142, \u017ce\u00a0<strong>nie podpisze ustawy o SAFE<\/strong>\u00a0i ostrzeg\u0142 przed \u201epozaprawnym\u201d zad\u0142u\u017caniem; rz\u0105d deklaruje, \u017ce\u00a0<strong>weto nie zatrzyma realizacji<\/strong>\u00a0programu.<\/li>\n<\/ol>\n<hr \/>\n<p>W czwartek wieczorem prezydent Karol Nawrocki poinformowa\u0142 w or\u0119dziu, \u017ce\u00a0<strong>nie podpisze ustawy wdra\u017caj\u0105cej unijny program SAFE<\/strong>. Ustawa zak\u0142ada\u0142a utworzenie instrumentu finansowego zarz\u0105dzanego przez BGK, kt\u00f3ry umo\u017cliwia\u0142by korzystanie ze \u015brodk\u00f3w z unijnego mechanizmu niskooprocentowanych po\u017cyczek.<\/p>\n<p>W pi\u0105tek rano odby\u0142o si\u0119\u00a0<strong>nadzwyczajne posiedzenie Rady Ministr\u00f3w<\/strong>. Premier Donald Tusk zapowiedzia\u0142 wtedy przyj\u0119cie uchwa\u0142y jako \u201eplanu B\u201d, deklaruj\u0105c:\u00a0<strong>\u201eWeto prezydenta nas nie zatrzyma\u201d<\/strong>.<\/p>\n<h2>Uchwa\u0142a \u201ePolska Zbrojna\u201d: BGK i Fundusz Wsparcia Si\u0142 Zbrojnych<\/h2>\n<p>Kancelaria Premiera przekaza\u0142a, \u017ce Rada Ministr\u00f3w przyj\u0119\u0142a uchwa\u0142\u0119 w sprawie Programu Polska Zbrojna. W komunikacie podkre\u015blono, \u017ce powodem jest\u00a0<strong>\u201ebezprecedensowe i gwa\u0142towne pogorszenie si\u0119 bezpiecze\u0144stwa w Europie\u201d<\/strong>\u00a0oraz konieczno\u015b\u0107 szybkiego zwi\u0119kszania nak\u0142ad\u00f3w na obronno\u015b\u0107.<\/p>\n<p>Najwa\u017cniejsze elementy uchwa\u0142y:<\/p>\n<ul>\n<li><strong>Rada Ministr\u00f3w upowa\u017cni\u0142a Ministra Obrony Narodowej oraz Ministra Finans\u00f3w i Gospodarki do podpisania umowy dotycz\u0105cej SAFE.<\/strong><\/li>\n<li><strong>Po\u017cyczka z SAFE zostanie zaci\u0105gni\u0119ta przez BGK na rzecz Funduszu Wsparcia Si\u0142 Zbrojnych.<\/strong><\/li>\n<li><strong>Wiod\u0105c\u0105 rol\u0119 w koordynacji<\/strong>\u00a0realizacji zada\u0144 ma pe\u0142ni\u0107 szef MON.<\/li>\n<li>W uchwale wskazano tak\u017ce na\u00a0<strong>ochron\u0119 bud\u017cetu resortu obrony<\/strong>.<\/li>\n<\/ul>\n<h2>Kontrola, os\u0142ona antykorupcyjna i kontrwywiadowcza<\/h2>\n<p>W uchwale przewidziano rozwi\u0105zania dotycz\u0105ce bezpiecze\u0144stwa wydatkowania \u015brodk\u00f3w:<\/p>\n<ul>\n<li><strong>wewn\u0119trzny system kontroli<\/strong>\u00a0wykorzystania pieni\u0119dzy z SAFE,<\/li>\n<li><strong>os\u0142on\u0119 antykorupcyjn\u0105<\/strong>,<\/li>\n<li><strong>os\u0142on\u0119 kontrwywiadowcz\u0105<\/strong>.<\/li>\n<\/ul>\n<p>W komunikacie zaznaczono te\u017c, \u017ce uchwa\u0142a\u00a0<strong>wchodzi w \u017cycie z dniem podj\u0119cia<\/strong>.<\/p>\n<h2>S\u0142u\u017cby i infrastruktura: deklaracje rz\u0105du<\/h2>\n<p>KPRM poinformowa\u0142a, \u017ce rz\u0105d zadeklarowa\u0142 kontynuowanie dzia\u0142a\u0144 na rzecz pozyskania \u015brodk\u00f3w na wsparcie zada\u0144:<\/p>\n<ul>\n<li><strong>Policji<\/strong>,<\/li>\n<li><strong>Stra\u017cy Granicznej<\/strong>,<\/li>\n<li><strong>S\u0142u\u017cby Ochrony Pa\u0144stwa<\/strong>,<br \/>\na tak\u017ce na rozw\u00f3j infrastruktury drogowej i kolejowej zwi\u0105zanej z bezpiecze\u0144stwem pa\u0144stwa.<\/li>\n<\/ul>\n<p>Jednocze\u015bnie rz\u0105d wcze\u015bniej sygnalizowa\u0142, \u017ce\u00a0<strong>prezydenckie weto nie musi zablokowa\u0107 dost\u0119pu do SAFE<\/strong>, ale mo\u017ce utrudnia\u0107 finansowanie cz\u0119\u015bci komponent\u00f3w (m.in. dotycz\u0105cych s\u0142u\u017cb).<\/p>\n<h2>Najwa\u017cniejsze liczby: Polska jako najwi\u0119kszy beneficjent SAFE<\/h2>\n<ul>\n<li>Polski wniosek w SAFE:\u00a0<strong>43,7 mld euro<\/strong>\u00a0(ok.\u00a0<strong>200 mld z\u0142<\/strong>)<\/li>\n<li>Polska wskazana jako\u00a0<strong>najwi\u0119kszy beneficjent<\/strong>\u00a0programu<\/li>\n<li>Deklaracja rz\u0105du:\u00a0<strong>89% \u015brodk\u00f3w<\/strong>\u00a0mia\u0142o trafi\u0107 do\u00a0<strong>polskich firm zbrojeniowych<\/strong><\/li>\n<\/ul>\n<h2>Prezydent ostrzega, Bogucki apeluje o projekt \u201eSAFE 0%\u201d<\/h2>\n<p>W or\u0119dziu prezydent podkre\u015bli\u0142, \u017ce\u00a0<strong>\u201enigdy nie podpisze ustawy\u201d<\/strong>, kt\u00f3ra \u2013 w jego ocenie \u2013 uderza w suwerenno\u015b\u0107 i bezpiecze\u0144stwo Polski. Ostrzeg\u0142 te\u017c, \u017ce\u00a0<strong>\u201epr\u00f3by zagranicznego zad\u0142u\u017cania (\u2026) w spos\u00f3b pozaprawny, tylnymi drzwiami\u201d<\/strong>\u00a0mog\u0105 skutkowa\u0107 odpowiedzialno\u015bci\u0105 polityczn\u0105 i prawn\u0105.<\/p>\n<p>W pi\u0105tkowym posiedzeniu rz\u0105du uczestniczy\u0142 szef KPRP\u00a0<strong>Zbigniew Bogucki<\/strong>, kt\u00f3ry \u2013 wed\u0142ug relacji \u2013 apelowa\u0142, by rz\u0105d\u00a0<strong>zaj\u0105\u0142 si\u0119 prezydenckim projektem<\/strong>\u00a0dotycz\u0105cym \u201epolskiego SAFE 0 proc.\u201d. Projekt zak\u0142ada utworzenie Polskiego Funduszu Inwestycji Obronnych, finansowanego przede wszystkim\u00a0<strong>z zysku NBP<\/strong>.<\/p>\n","protected":false},"excerpt":{"rendered":"<p>Rz\u0105d przyj\u0105\u0142 uchwa\u0142\u0119 w sprawie Programu Polska Zbrojna i upowa\u017cni\u0142 ministr\u00f3w do podpisania umowy dotycz\u0105cej unijnego programu SAFE. Zgodnie z dokumentem\u00a0po\u017cyczka z SAFE ma zosta\u0107 zaci\u0105gni\u0119ta przez BGK na rzecz Funduszu Wsparcia Si\u0142 Zbrojnych, mimo \u017ce prezydent Karol Nawrocki zawetowa\u0142 ustaw\u0119 wdra\u017caj\u0105c\u0105 SAFE. Decyzja zapad\u0142a po nadzwyczajnym posiedzeniu Rady Ministr\u00f3w, zwo\u0142anym dzie\u0144 po prezydenckim or\u0119dziu. [&hellip;]<\/p>\n","protected":false},"author":1,"featured_media":214,"comment_status":"open","ping_status":"open","sticky":false,"template":"","format":"standard","meta":{"googlesitekit_rrm_CAowqI3HCw:productID":"","footnotes":""},"categories":[52],"tags":[],"class_list":["post-1184","post","type-post","status-publish","format-standard","has-post-thumbnail","hentry","category-kraj"],"yoast_head":"<!-- This site is optimized with the Yoast SEO plugin v27.5 - https:\/\/yoast.com\/product\/yoast-seo-wordpress\/ -->\n<title>Rz\u0105d Tuska uruchamia &quot;plan B&quot;. Ministrowie ze specjalnymi uprawnieniami - Kana\u0142Polityczny.TV<\/title>\n<meta name=\"robots\" content=\"index, follow, max-snippet:-1, max-image-preview:large, max-video-preview:-1\" \/>\n<link rel=\"canonical\" href=\"https:\/\/kanalpolityczny.tv\/index.php\/2026\/03\/13\/rzad-tuska-uruchamia-plan-b-ministrowie-ze-specjalnymi-uprawnieniami\/\" \/>\n<meta property=\"og:locale\" content=\"pl_PL\" \/>\n<meta property=\"og:type\" content=\"article\" \/>\n<meta property=\"og:title\" content=\"Rz\u0105d Tuska uruchamia &quot;plan B&quot;. Ministrowie ze specjalnymi uprawnieniami - Kana\u0142Polityczny.TV\" \/>\n<meta property=\"og:description\" content=\"Rz\u0105d przyj\u0105\u0142 uchwa\u0142\u0119 w sprawie Programu Polska Zbrojna i upowa\u017cni\u0142 ministr\u00f3w do podpisania umowy dotycz\u0105cej unijnego programu SAFE. Zgodnie z dokumentem\u00a0po\u017cyczka z SAFE ma zosta\u0107 zaci\u0105gni\u0119ta przez BGK na rzecz Funduszu Wsparcia Si\u0142 Zbrojnych, mimo \u017ce prezydent Karol Nawrocki zawetowa\u0142 ustaw\u0119 wdra\u017caj\u0105c\u0105 SAFE. Decyzja zapad\u0142a po nadzwyczajnym posiedzeniu Rady Ministr\u00f3w, zwo\u0142anym dzie\u0144 po prezydenckim or\u0119dziu. [&hellip;]\" \/>\n<meta property=\"og:url\" content=\"https:\/\/kanalpolityczny.tv\/index.php\/2026\/03\/13\/rzad-tuska-uruchamia-plan-b-ministrowie-ze-specjalnymi-uprawnieniami\/\" \/>\n<meta property=\"og:site_name\" content=\"Kana\u0142Polityczny.TV\" \/>\n<meta property=\"article:published_time\" content=\"2026-03-13T16:16:31+00:00\" \/>\n<meta property=\"og:image\" content=\"https:\/\/kanalpolityczny.tv\/wp-content\/uploads\/2025\/07\/posiedzenie_rzadu.jpg\" \/>\n\t<meta property=\"og:image:width\" content=\"1280\" \/>\n\t<meta property=\"og:image:height\" content=\"720\" \/>\n\t<meta property=\"og:image:type\" content=\"image\/jpeg\" \/>\n<meta name=\"author\" content=\"Judyta Jankowska\" \/>\n<meta name=\"twitter:card\" content=\"summary_large_image\" \/>\n<meta name=\"twitter:label1\" content=\"Napisane przez\" \/>\n\t<meta name=\"twitter:data1\" content=\"Judyta Jankowska\" \/>\n\t<meta name=\"twitter:label2\" content=\"Szacowany czas czytania\" \/>\n\t<meta name=\"twitter:data2\" content=\"4 minuty\" \/>\n<script type=\"application\/ld+json\" class=\"yoast-schema-graph\">{\"@context\":\"https:\\\/\\\/schema.org\",\"@graph\":[{\"@type\":\"Article\",\"@id\":\"https:\\\/\\\/kanalpolityczny.tv\\\/index.php\\\/2026\\\/03\\\/13\\\/rzad-tuska-uruchamia-plan-b-ministrowie-ze-specjalnymi-uprawnieniami\\\/#article\",\"isPartOf\":{\"@id\":\"https:\\\/\\\/kanalpolityczny.tv\\\/index.php\\\/2026\\\/03\\\/13\\\/rzad-tuska-uruchamia-plan-b-ministrowie-ze-specjalnymi-uprawnieniami\\\/\"},\"author\":{\"name\":\"Judyta Jankowska\",\"@id\":\"https:\\\/\\\/kanalpolityczny.tv\\\/#\\\/schema\\\/person\\\/fc214b6f7f453d60dbd2f73586a2a215\"},\"headline\":\"Rz\u0105d Tuska uruchamia &#8222;plan B&#8221;. Ministrowie ze specjalnymi uprawnieniami\",\"datePublished\":\"2026-03-13T16:16:31+00:00\",\"mainEntityOfPage\":{\"@id\":\"https:\\\/\\\/kanalpolityczny.tv\\\/index.php\\\/2026\\\/03\\\/13\\\/rzad-tuska-uruchamia-plan-b-ministrowie-ze-specjalnymi-uprawnieniami\\\/\"},\"wordCount\":644,\"commentCount\":0,\"publisher\":{\"@id\":\"https:\\\/\\\/kanalpolityczny.tv\\\/#organization\"},\"image\":{\"@id\":\"https:\\\/\\\/kanalpolityczny.tv\\\/index.php\\\/2026\\\/03\\\/13\\\/rzad-tuska-uruchamia-plan-b-ministrowie-ze-specjalnymi-uprawnieniami\\\/#primaryimage\"},\"thumbnailUrl\":\"https:\\\/\\\/kanalpolityczny.tv\\\/wp-content\\\/uploads\\\/2025\\\/07\\\/posiedzenie_rzadu.jpg\",\"articleSection\":[\"Kraj\"],\"inLanguage\":\"pl-PL\",\"potentialAction\":[{\"@type\":\"CommentAction\",\"name\":\"Comment\",\"target\":[\"https:\\\/\\\/kanalpolityczny.tv\\\/index.php\\\/2026\\\/03\\\/13\\\/rzad-tuska-uruchamia-plan-b-ministrowie-ze-specjalnymi-uprawnieniami\\\/#respond\"]}]},{\"@type\":\"WebPage\",\"@id\":\"https:\\\/\\\/kanalpolityczny.tv\\\/index.php\\\/2026\\\/03\\\/13\\\/rzad-tuska-uruchamia-plan-b-ministrowie-ze-specjalnymi-uprawnieniami\\\/\",\"url\":\"https:\\\/\\\/kanalpolityczny.tv\\\/index.php\\\/2026\\\/03\\\/13\\\/rzad-tuska-uruchamia-plan-b-ministrowie-ze-specjalnymi-uprawnieniami\\\/\",\"name\":\"Rz\u0105d Tuska uruchamia \\\"plan B\\\". Ministrowie ze specjalnymi uprawnieniami - Kana\u0142Polityczny.TV\",\"isPartOf\":{\"@id\":\"https:\\\/\\\/kanalpolityczny.tv\\\/#website\"},\"primaryImageOfPage\":{\"@id\":\"https:\\\/\\\/kanalpolityczny.tv\\\/index.php\\\/2026\\\/03\\\/13\\\/rzad-tuska-uruchamia-plan-b-ministrowie-ze-specjalnymi-uprawnieniami\\\/#primaryimage\"},\"image\":{\"@id\":\"https:\\\/\\\/kanalpolityczny.tv\\\/index.php\\\/2026\\\/03\\\/13\\\/rzad-tuska-uruchamia-plan-b-ministrowie-ze-specjalnymi-uprawnieniami\\\/#primaryimage\"},\"thumbnailUrl\":\"https:\\\/\\\/kanalpolityczny.tv\\\/wp-content\\\/uploads\\\/2025\\\/07\\\/posiedzenie_rzadu.jpg\",\"datePublished\":\"2026-03-13T16:16:31+00:00\",\"breadcrumb\":{\"@id\":\"https:\\\/\\\/kanalpolityczny.tv\\\/index.php\\\/2026\\\/03\\\/13\\\/rzad-tuska-uruchamia-plan-b-ministrowie-ze-specjalnymi-uprawnieniami\\\/#breadcrumb\"},\"inLanguage\":\"pl-PL\",\"potentialAction\":[{\"@type\":\"ReadAction\",\"target\":[\"https:\\\/\\\/kanalpolityczny.tv\\\/index.php\\\/2026\\\/03\\\/13\\\/rzad-tuska-uruchamia-plan-b-ministrowie-ze-specjalnymi-uprawnieniami\\\/\"]}]},{\"@type\":\"ImageObject\",\"inLanguage\":\"pl-PL\",\"@id\":\"https:\\\/\\\/kanalpolityczny.tv\\\/index.php\\\/2026\\\/03\\\/13\\\/rzad-tuska-uruchamia-plan-b-ministrowie-ze-specjalnymi-uprawnieniami\\\/#primaryimage\",\"url\":\"https:\\\/\\\/kanalpolityczny.tv\\\/wp-content\\\/uploads\\\/2025\\\/07\\\/posiedzenie_rzadu.jpg\",\"contentUrl\":\"https:\\\/\\\/kanalpolityczny.tv\\\/wp-content\\\/uploads\\\/2025\\\/07\\\/posiedzenie_rzadu.jpg\",\"width\":1280,\"height\":720,\"caption\":\"Posiedzenie rz\u0105du. Zdj\u0119cie ilustracyjne fot. facebook.com\\\/kancelaria.premiera\\\/\"},{\"@type\":\"BreadcrumbList\",\"@id\":\"https:\\\/\\\/kanalpolityczny.tv\\\/index.php\\\/2026\\\/03\\\/13\\\/rzad-tuska-uruchamia-plan-b-ministrowie-ze-specjalnymi-uprawnieniami\\\/#breadcrumb\",\"itemListElement\":[{\"@type\":\"ListItem\",\"position\":1,\"name\":\"Strona g\u0142\u00f3wna\",\"item\":\"https:\\\/\\\/kanalpolityczny.tv\\\/\"},{\"@type\":\"ListItem\",\"position\":2,\"name\":\"Rz\u0105d Tuska uruchamia &#8222;plan B&#8221;. Ministrowie ze specjalnymi uprawnieniami\"}]},{\"@type\":\"WebSite\",\"@id\":\"https:\\\/\\\/kanalpolityczny.tv\\\/#website\",\"url\":\"https:\\\/\\\/kanalpolityczny.tv\\\/\",\"name\":\"Kana\u0142Polityczny.TV\",\"description\":\"\",\"publisher\":{\"@id\":\"https:\\\/\\\/kanalpolityczny.tv\\\/#organization\"},\"potentialAction\":[{\"@type\":\"SearchAction\",\"target\":{\"@type\":\"EntryPoint\",\"urlTemplate\":\"https:\\\/\\\/kanalpolityczny.tv\\\/?s={search_term_string}\"},\"query-input\":{\"@type\":\"PropertyValueSpecification\",\"valueRequired\":true,\"valueName\":\"search_term_string\"}}],\"inLanguage\":\"pl-PL\"},{\"@type\":\"Organization\",\"@id\":\"https:\\\/\\\/kanalpolityczny.tv\\\/#organization\",\"name\":\"Kana\u0142Polityczny.TV\",\"url\":\"https:\\\/\\\/kanalpolityczny.tv\\\/\",\"logo\":{\"@type\":\"ImageObject\",\"inLanguage\":\"pl-PL\",\"@id\":\"https:\\\/\\\/kanalpolityczny.tv\\\/#\\\/schema\\\/logo\\\/image\\\/\",\"url\":\"https:\\\/\\\/kanalpolityczny.tv\\\/wp-content\\\/uploads\\\/2025\\\/07\\\/cropped-Bez-nazwy-2.png\",\"contentUrl\":\"https:\\\/\\\/kanalpolityczny.tv\\\/wp-content\\\/uploads\\\/2025\\\/07\\\/cropped-Bez-nazwy-2.png\",\"width\":526,\"height\":174,\"caption\":\"Kana\u0142Polityczny.TV\"},\"image\":{\"@id\":\"https:\\\/\\\/kanalpolityczny.tv\\\/#\\\/schema\\\/logo\\\/image\\\/\"}},{\"@type\":\"Person\",\"@id\":\"https:\\\/\\\/kanalpolityczny.tv\\\/#\\\/schema\\\/person\\\/fc214b6f7f453d60dbd2f73586a2a215\",\"name\":\"Judyta Jankowska\",\"image\":{\"@type\":\"ImageObject\",\"inLanguage\":\"pl-PL\",\"@id\":\"http:\\\/\\\/kanalpolityczny.tv\\\/wp-content\\\/uploads\\\/2025\\\/07\\\/cropped-gpt-image-1_wygeneruj_fotorealis-96x96.png\",\"url\":\"http:\\\/\\\/kanalpolityczny.tv\\\/wp-content\\\/uploads\\\/2025\\\/07\\\/cropped-gpt-image-1_wygeneruj_fotorealis-96x96.png\",\"contentUrl\":\"http:\\\/\\\/kanalpolityczny.tv\\\/wp-content\\\/uploads\\\/2025\\\/07\\\/cropped-gpt-image-1_wygeneruj_fotorealis-96x96.png\",\"caption\":\"Judyta Jankowska\"},\"description\":\"29-letnia dziennikarka specjalizuj\u0105ca si\u0119 w tematyce spo\u0142ecznej i reporta\u017cu \u015bledczym. Od sze\u015bciu lat zwi\u0105zana z mediami \u2013 pracowa\u0142a m.in. w redakcjach og\u00f3lnopolskich portali informacyjnych i magazyn\u00f3w. Znana z dociekliwo\u015bci i umiej\u0119tno\u015bci budowania relacji z rozm\u00f3wcami. Jej pasj\u0105 s\u0105 podr\u00f3\u017ce po mniej znanych zak\u0105tkach Polski, fotografia analogowa oraz bieganie w maratonach miejskich. W wolnych chwilach prowadzi bloga o lokalnych inicjatywach spo\u0142ecznych.\",\"sameAs\":[\"http:\\\/\\\/kanalpolityczny.tv\"],\"url\":\"https:\\\/\\\/kanalpolityczny.tv\\\/index.php\\\/author\\\/admin3340\\\/\"}]}<\/script>\n<!-- \/ Yoast SEO plugin. -->","yoast_head_json":{"title":"Rz\u0105d Tuska uruchamia \"plan B\". Ministrowie ze specjalnymi uprawnieniami - Kana\u0142Polityczny.TV","robots":{"index":"index","follow":"follow","max-snippet":"max-snippet:-1","max-image-preview":"max-image-preview:large","max-video-preview":"max-video-preview:-1"},"canonical":"https:\/\/kanalpolityczny.tv\/index.php\/2026\/03\/13\/rzad-tuska-uruchamia-plan-b-ministrowie-ze-specjalnymi-uprawnieniami\/","og_locale":"pl_PL","og_type":"article","og_title":"Rz\u0105d Tuska uruchamia \"plan B\". Ministrowie ze specjalnymi uprawnieniami - Kana\u0142Polityczny.TV","og_description":"Rz\u0105d przyj\u0105\u0142 uchwa\u0142\u0119 w sprawie Programu Polska Zbrojna i upowa\u017cni\u0142 ministr\u00f3w do podpisania umowy dotycz\u0105cej unijnego programu SAFE. Zgodnie z dokumentem\u00a0po\u017cyczka z SAFE ma zosta\u0107 zaci\u0105gni\u0119ta przez BGK na rzecz Funduszu Wsparcia Si\u0142 Zbrojnych, mimo \u017ce prezydent Karol Nawrocki zawetowa\u0142 ustaw\u0119 wdra\u017caj\u0105c\u0105 SAFE. Decyzja zapad\u0142a po nadzwyczajnym posiedzeniu Rady Ministr\u00f3w, zwo\u0142anym dzie\u0144 po prezydenckim or\u0119dziu. [&hellip;]","og_url":"https:\/\/kanalpolityczny.tv\/index.php\/2026\/03\/13\/rzad-tuska-uruchamia-plan-b-ministrowie-ze-specjalnymi-uprawnieniami\/","og_site_name":"Kana\u0142Polityczny.TV","article_published_time":"2026-03-13T16:16:31+00:00","og_image":[{"width":1280,"height":720,"url":"https:\/\/kanalpolityczny.tv\/wp-content\/uploads\/2025\/07\/posiedzenie_rzadu.jpg","type":"image\/jpeg"}],"author":"Judyta Jankowska","twitter_card":"summary_large_image","twitter_misc":{"Napisane przez":"Judyta Jankowska","Szacowany czas czytania":"4 minuty"},"schema":{"@context":"https:\/\/schema.org","@graph":[{"@type":"Article","@id":"https:\/\/kanalpolityczny.tv\/index.php\/2026\/03\/13\/rzad-tuska-uruchamia-plan-b-ministrowie-ze-specjalnymi-uprawnieniami\/#article","isPartOf":{"@id":"https:\/\/kanalpolityczny.tv\/index.php\/2026\/03\/13\/rzad-tuska-uruchamia-plan-b-ministrowie-ze-specjalnymi-uprawnieniami\/"},"author":{"name":"Judyta Jankowska","@id":"https:\/\/kanalpolityczny.tv\/#\/schema\/person\/fc214b6f7f453d60dbd2f73586a2a215"},"headline":"Rz\u0105d Tuska uruchamia &#8222;plan B&#8221;. Ministrowie ze specjalnymi uprawnieniami","datePublished":"2026-03-13T16:16:31+00:00","mainEntityOfPage":{"@id":"https:\/\/kanalpolityczny.tv\/index.php\/2026\/03\/13\/rzad-tuska-uruchamia-plan-b-ministrowie-ze-specjalnymi-uprawnieniami\/"},"wordCount":644,"commentCount":0,"publisher":{"@id":"https:\/\/kanalpolityczny.tv\/#organization"},"image":{"@id":"https:\/\/kanalpolityczny.tv\/index.php\/2026\/03\/13\/rzad-tuska-uruchamia-plan-b-ministrowie-ze-specjalnymi-uprawnieniami\/#primaryimage"},"thumbnailUrl":"https:\/\/kanalpolityczny.tv\/wp-content\/uploads\/2025\/07\/posiedzenie_rzadu.jpg","articleSection":["Kraj"],"inLanguage":"pl-PL","potentialAction":[{"@type":"CommentAction","name":"Comment","target":["https:\/\/kanalpolityczny.tv\/index.php\/2026\/03\/13\/rzad-tuska-uruchamia-plan-b-ministrowie-ze-specjalnymi-uprawnieniami\/#respond"]}]},{"@type":"WebPage","@id":"https:\/\/kanalpolityczny.tv\/index.php\/2026\/03\/13\/rzad-tuska-uruchamia-plan-b-ministrowie-ze-specjalnymi-uprawnieniami\/","url":"https:\/\/kanalpolityczny.tv\/index.php\/2026\/03\/13\/rzad-tuska-uruchamia-plan-b-ministrowie-ze-specjalnymi-uprawnieniami\/","name":"Rz\u0105d Tuska uruchamia \"plan B\". Ministrowie ze specjalnymi uprawnieniami - Kana\u0142Polityczny.TV","isPartOf":{"@id":"https:\/\/kanalpolityczny.tv\/#website"},"primaryImageOfPage":{"@id":"https:\/\/kanalpolityczny.tv\/index.php\/2026\/03\/13\/rzad-tuska-uruchamia-plan-b-ministrowie-ze-specjalnymi-uprawnieniami\/#primaryimage"},"image":{"@id":"https:\/\/kanalpolityczny.tv\/index.php\/2026\/03\/13\/rzad-tuska-uruchamia-plan-b-ministrowie-ze-specjalnymi-uprawnieniami\/#primaryimage"},"thumbnailUrl":"https:\/\/kanalpolityczny.tv\/wp-content\/uploads\/2025\/07\/posiedzenie_rzadu.jpg","datePublished":"2026-03-13T16:16:31+00:00","breadcrumb":{"@id":"https:\/\/kanalpolityczny.tv\/index.php\/2026\/03\/13\/rzad-tuska-uruchamia-plan-b-ministrowie-ze-specjalnymi-uprawnieniami\/#breadcrumb"},"inLanguage":"pl-PL","potentialAction":[{"@type":"ReadAction","target":["https:\/\/kanalpolityczny.tv\/index.php\/2026\/03\/13\/rzad-tuska-uruchamia-plan-b-ministrowie-ze-specjalnymi-uprawnieniami\/"]}]},{"@type":"ImageObject","inLanguage":"pl-PL","@id":"https:\/\/kanalpolityczny.tv\/index.php\/2026\/03\/13\/rzad-tuska-uruchamia-plan-b-ministrowie-ze-specjalnymi-uprawnieniami\/#primaryimage","url":"https:\/\/kanalpolityczny.tv\/wp-content\/uploads\/2025\/07\/posiedzenie_rzadu.jpg","contentUrl":"https:\/\/kanalpolityczny.tv\/wp-content\/uploads\/2025\/07\/posiedzenie_rzadu.jpg","width":1280,"height":720,"caption":"Posiedzenie rz\u0105du. Zdj\u0119cie ilustracyjne fot. facebook.com\/kancelaria.premiera\/"},{"@type":"BreadcrumbList","@id":"https:\/\/kanalpolityczny.tv\/index.php\/2026\/03\/13\/rzad-tuska-uruchamia-plan-b-ministrowie-ze-specjalnymi-uprawnieniami\/#breadcrumb","itemListElement":[{"@type":"ListItem","position":1,"name":"Strona g\u0142\u00f3wna","item":"https:\/\/kanalpolityczny.tv\/"},{"@type":"ListItem","position":2,"name":"Rz\u0105d Tuska uruchamia &#8222;plan B&#8221;. Ministrowie ze specjalnymi uprawnieniami"}]},{"@type":"WebSite","@id":"https:\/\/kanalpolityczny.tv\/#website","url":"https:\/\/kanalpolityczny.tv\/","name":"Kana\u0142Polityczny.TV","description":"","publisher":{"@id":"https:\/\/kanalpolityczny.tv\/#organization"},"potentialAction":[{"@type":"SearchAction","target":{"@type":"EntryPoint","urlTemplate":"https:\/\/kanalpolityczny.tv\/?s={search_term_string}"},"query-input":{"@type":"PropertyValueSpecification","valueRequired":true,"valueName":"search_term_string"}}],"inLanguage":"pl-PL"},{"@type":"Organization","@id":"https:\/\/kanalpolityczny.tv\/#organization","name":"Kana\u0142Polityczny.TV","url":"https:\/\/kanalpolityczny.tv\/","logo":{"@type":"ImageObject","inLanguage":"pl-PL","@id":"https:\/\/kanalpolityczny.tv\/#\/schema\/logo\/image\/","url":"https:\/\/kanalpolityczny.tv\/wp-content\/uploads\/2025\/07\/cropped-Bez-nazwy-2.png","contentUrl":"https:\/\/kanalpolityczny.tv\/wp-content\/uploads\/2025\/07\/cropped-Bez-nazwy-2.png","width":526,"height":174,"caption":"Kana\u0142Polityczny.TV"},"image":{"@id":"https:\/\/kanalpolityczny.tv\/#\/schema\/logo\/image\/"}},{"@type":"Person","@id":"https:\/\/kanalpolityczny.tv\/#\/schema\/person\/fc214b6f7f453d60dbd2f73586a2a215","name":"Judyta Jankowska","image":{"@type":"ImageObject","inLanguage":"pl-PL","@id":"https:\/\/kanalpolityczny.tv\/wp-content\/uploads\/2025\/07\/cropped-gpt-image-1_wygeneruj_fotorealis-96x96.png","url":"https:\/\/kanalpolityczny.tv\/wp-content\/uploads\/2025\/07\/cropped-gpt-image-1_wygeneruj_fotorealis-96x96.png","contentUrl":"https:\/\/kanalpolityczny.tv\/wp-content\/uploads\/2025\/07\/cropped-gpt-image-1_wygeneruj_fotorealis-96x96.png","caption":"Judyta Jankowska"},"description":"29-letnia dziennikarka specjalizuj\u0105ca si\u0119 w tematyce spo\u0142ecznej i reporta\u017cu \u015bledczym. Od sze\u015bciu lat zwi\u0105zana z mediami \u2013 pracowa\u0142a m.in. w redakcjach og\u00f3lnopolskich portali informacyjnych i magazyn\u00f3w. Znana z dociekliwo\u015bci i umiej\u0119tno\u015bci budowania relacji z rozm\u00f3wcami. Jej pasj\u0105 s\u0105 podr\u00f3\u017ce po mniej znanych zak\u0105tkach Polski, fotografia analogowa oraz bieganie w maratonach miejskich. W wolnych chwilach prowadzi bloga o lokalnych inicjatywach spo\u0142ecznych.","sameAs":["https:\/\/kanalpolityczny.tv"],"url":"https:\/\/kanalpolityczny.tv\/index.php\/author\/admin3340\/"}]}},"_links":{"self":[{"href":"https:\/\/kanalpolityczny.tv\/index.php\/wp-json\/wp\/v2\/posts\/1184","targetHints":{"allow":["GET"]}}],"collection":[{"href":"https:\/\/kanalpolityczny.tv\/index.php\/wp-json\/wp\/v2\/posts"}],"about":[{"href":"https:\/\/kanalpolityczny.tv\/index.php\/wp-json\/wp\/v2\/types\/post"}],"author":[{"embeddable":true,"href":"https:\/\/kanalpolityczny.tv\/index.php\/wp-json\/wp\/v2\/users\/1"}],"replies":[{"embeddable":true,"href":"https:\/\/kanalpolityczny.tv\/index.php\/wp-json\/wp\/v2\/comments?post=1184"}],"version-history":[{"count":1,"href":"https:\/\/kanalpolityczny.tv\/index.php\/wp-json\/wp\/v2\/posts\/1184\/revisions"}],"predecessor-version":[{"id":1185,"href":"https:\/\/kanalpolityczny.tv\/index.php\/wp-json\/wp\/v2\/posts\/1184\/revisions\/1185"}],"wp:featuredmedia":[{"embeddable":true,"href":"https:\/\/kanalpolityczny.tv\/index.php\/wp-json\/wp\/v2\/media\/214"}],"wp:attachment":[{"href":"https:\/\/kanalpolityczny.tv\/index.php\/wp-json\/wp\/v2\/media?parent=1184"}],"wp:term":[{"taxonomy":"category","embeddable":true,"href":"https:\/\/kanalpolityczny.tv\/index.php\/wp-json\/wp\/v2\/categories?post=1184"},{"taxonomy":"post_tag","embeddable":true,"href":"https:\/\/kanalpolityczny.tv\/index.php\/wp-json\/wp\/v2\/tags?post=1184"}],"curies":[{"name":"wp","href":"https:\/\/api.w.org\/{rel}","templated":true}]}}