{"id":1182,"date":"2026-03-13T17:12:38","date_gmt":"2026-03-13T16:12:38","guid":{"rendered":"https:\/\/kanalpolityczny.tv\/?p=1182"},"modified":"2026-03-13T17:12:38","modified_gmt":"2026-03-13T16:12:38","slug":"kosiniak-kamysz-uderza-w-prezydenta-nawrockiego-pomieszaly-sie-kierunki","status":"publish","type":"post","link":"https:\/\/kanalpolityczny.tv\/index.php\/2026\/03\/13\/kosiniak-kamysz-uderza-w-prezydenta-nawrockiego-pomieszaly-sie-kierunki\/","title":{"rendered":"Kosiniak-Kamysz uderza w prezydenta Nawrockiego. &#8222;Pomiesza\u0142y si\u0119 kierunki&#8221;"},"content":{"rendered":"<h2><strong>Prezydent Karol Nawrocki zawetowa\u0142 ustaw\u0119 wdra\u017caj\u0105c\u0105 unijny program po\u017cyczkowy SAFE na obronno\u015b\u0107. G\u0142owa pa\u0144stwa uzasadni\u0142a decyzj\u0119 ryzykiem ograniczenia suwerenno\u015bci i mo\u017cliwo\u015bci\u0105 wstrzymania finansowania przez instytucje UE. Minister obrony W\u0142adys\u0142aw Kosiniak\u2011Kamysz publicznie skrytykowa\u0142 weto, wskazuj\u0105c, \u017ce kluczowe zagro\u017cenie dla suwerenno\u015bci p\u0142ynie z kierunku wschodniego. Sp\u00f3r dotyczy zar\u00f3wno \u017ar\u00f3d\u0142a finansowania zbroje\u0144, jak i roli Brukseli w mechanizmach obronnych.<\/strong><\/h2>\n<hr \/>\n<h2>Skr\u00f3t artyku\u0142u<\/h2>\n<ol>\n<li><strong>Prezydent Karol Nawrocki zawetowa\u0142 ustaw\u0119 o unijnej po\u017cyczce SAFE<\/strong>\u00a0na cele obronne.<\/li>\n<li>Prezydent argumentuje, \u017ce SAFE oznacza\u00a0<strong>oddawanie kompetencji w obszarze obronno\u015bci Brukseli<\/strong>\u00a0i ryzyko wstrzymania finansowania.<\/li>\n<li>Szef MON W\u0142adys\u0142aw Kosiniak\u2011Kamysz ocenia, \u017ce\u00a0<strong>\u201edzia\u0142a\u201d zosta\u0142y skierowane przeciw sojusznikom<\/strong>, a nie przeciwnikom.<\/li>\n<li>Rz\u0105d wskazuje, \u017ce\u00a0<strong>dozbrojenie armii<\/strong>\u00a0ma kluczowe znaczenie, a \u201esuwerenno\u015b\u0107 jest zagro\u017cona\u201d w razie agresji Rosji, nie przez mechanizmy sojusznicze.<\/li>\n<\/ol>\n<hr \/>\n<p>W czwartek prezydent Karol Nawrocki zdecydowa\u0142 o\u00a0<strong>zawetowaniu ustawy dotycz\u0105cej unijnej po\u017cyczki SAFE<\/strong>\u00a0na obronno\u015b\u0107. Jak wyja\u015bni\u0142, mechanizm ten ma oznacza\u0107\u00a0<strong>przekazywanie kompetencji w zakresie obronno\u015bci instytucjom UE<\/strong>, kt\u00f3re \u2013 w jego ocenie \u2013 mog\u0105 \u201ew ka\u017cdej chwili\u201d wstrzyma\u0107 finansowanie.<\/p>\n<p><strong>\u201eNigdy nie podpisz\u0119 ustawy, kt\u00f3ra uderza w suwerenno\u015b\u0107 i bezpiecze\u0144stwo Polski\u201d<\/strong>\u00a0\u2013 podkre\u015bli\u0142 prezydent, uzasadniaj\u0105c decyzj\u0119.<\/p>\n<h2>Kosiniak\u2011Kamysz: \u201ePomiesza\u0142y si\u0119 kierunki\u201d<\/h2>\n<p>Minister obrony W\u0142adys\u0142aw Kosiniak\u2011Kamysz odni\u00f3s\u0142 si\u0119 do weta podczas konferencji prasowej, oceniaj\u0105c, \u017ce prezydentowi\u00a0<strong>\u201ekompletnie si\u0119 pomiesza\u0142y kierunki\u201d<\/strong>.<\/p>\n<p>Szef MON stwierdzi\u0142, \u017ce\u00a0<strong>\u201edzia\u0142a\u201d zosta\u0142y wytoczone przeciw sojusznikom<\/strong>, a nie przeciwnikom. Doda\u0142 te\u017c, \u017ce istot\u0105 problemu jest realne odstraszanie i dozbrajanie armii.<\/p>\n<p><strong>\u201eSuwerenno\u015b\u0107 b\u0119dzie zagro\u017cona, jak nam tutaj \u2018ruskie\u2019 wjad\u0105, a nie, jak we\u017amiemy i dozbroimy polsk\u0105 armi\u0119\u201d<\/strong>\u00a0\u2013 powiedzia\u0142 Kosiniak\u2011Kamysz (u\u017cywaj\u0105c potocznego okre\u015blenia). W jego ocenie zagro\u017cenie dla suwerenno\u015bci pochodzi od pa\u0144stwa prowadz\u0105cego wojn\u0119 przeciw Ukrainie oraz dzia\u0142ania hybrydowe wobec regionu, a nie od mechanizm\u00f3w wsp\u00f3\u0142pracy i finansowania w ramach sojuszy.<\/p>\n<h2>Co dalej z SAFE po wecie?<\/h2>\n<p>Weto prezydenta oznacza w praktyce wstrzymanie wej\u015bcia w \u017cycie ustawy w obecnym kszta\u0142cie. Dalsze mo\u017cliwo\u015bci to m.in.:<\/p>\n<ul>\n<li><strong>pr\u00f3ba odrzucenia weta w Sejmie<\/strong>\u00a0(wymaga wi\u0119kszo\u015bci 3\/5 g\u0142os\u00f3w przy obecno\u015bci co najmniej po\u0142owy ustawowej liczby pos\u0142\u00f3w),<\/li>\n<li>przygotowanie\u00a0<strong>nowej wersji ustawy<\/strong>\u00a0i ponowne procedowanie,<\/li>\n<li>kontynuowanie prac nad alternatywnymi instrumentami finansowania obronno\u015bci, r\u00f3wnolegle do rozwi\u0105za\u0144 unijnych.<\/li>\n<\/ul>\n<p>Sp\u00f3r o SAFE pozostaje jednym z kluczowych temat\u00f3w w relacjach rz\u0105d\u2013prezydent, \u0142\u0105cz\u0105c kwestie\u00a0<strong>finansowania modernizacji armii<\/strong>\u00a0z dyskusj\u0105 o\u00a0<strong>zakresie suwerenno\u015bci pa\u0144stwa<\/strong>\u00a0w ramach UE.<\/p>\n","protected":false},"excerpt":{"rendered":"<p>Prezydent Karol Nawrocki zawetowa\u0142 ustaw\u0119 wdra\u017caj\u0105c\u0105 unijny program po\u017cyczkowy SAFE na obronno\u015b\u0107. G\u0142owa pa\u0144stwa uzasadni\u0142a decyzj\u0119 ryzykiem ograniczenia suwerenno\u015bci i mo\u017cliwo\u015bci\u0105 wstrzymania finansowania przez instytucje UE. Minister obrony W\u0142adys\u0142aw Kosiniak\u2011Kamysz publicznie skrytykowa\u0142 weto, wskazuj\u0105c, \u017ce kluczowe zagro\u017cenie dla suwerenno\u015bci p\u0142ynie z kierunku wschodniego. Sp\u00f3r dotyczy zar\u00f3wno \u017ar\u00f3d\u0142a finansowania zbroje\u0144, jak i roli Brukseli w mechanizmach [&hellip;]<\/p>\n","protected":false},"author":1,"featured_media":396,"comment_status":"open","ping_status":"open","sticky":false,"template":"","format":"standard","meta":{"googlesitekit_rrm_CAowqI3HCw:productID":"","footnotes":""},"categories":[52],"tags":[],"class_list":["post-1182","post","type-post","status-publish","format-standard","has-post-thumbnail","hentry","category-kraj"],"yoast_head":"<!-- This site is optimized with the Yoast SEO plugin v27.5 - https:\/\/yoast.com\/product\/yoast-seo-wordpress\/ -->\n<title>Kosiniak-Kamysz uderza w prezydenta Nawrockiego. &quot;Pomiesza\u0142y si\u0119 kierunki&quot; - Kana\u0142Polityczny.TV<\/title>\n<meta name=\"robots\" content=\"index, follow, max-snippet:-1, max-image-preview:large, max-video-preview:-1\" \/>\n<link rel=\"canonical\" href=\"https:\/\/kanalpolityczny.tv\/index.php\/2026\/03\/13\/kosiniak-kamysz-uderza-w-prezydenta-nawrockiego-pomieszaly-sie-kierunki\/\" \/>\n<meta property=\"og:locale\" content=\"pl_PL\" \/>\n<meta property=\"og:type\" content=\"article\" \/>\n<meta property=\"og:title\" content=\"Kosiniak-Kamysz uderza w prezydenta Nawrockiego. &quot;Pomiesza\u0142y si\u0119 kierunki&quot; - Kana\u0142Polityczny.TV\" \/>\n<meta property=\"og:description\" content=\"Prezydent Karol Nawrocki zawetowa\u0142 ustaw\u0119 wdra\u017caj\u0105c\u0105 unijny program po\u017cyczkowy SAFE na obronno\u015b\u0107. G\u0142owa pa\u0144stwa uzasadni\u0142a decyzj\u0119 ryzykiem ograniczenia suwerenno\u015bci i mo\u017cliwo\u015bci\u0105 wstrzymania finansowania przez instytucje UE. Minister obrony W\u0142adys\u0142aw Kosiniak\u2011Kamysz publicznie skrytykowa\u0142 weto, wskazuj\u0105c, \u017ce kluczowe zagro\u017cenie dla suwerenno\u015bci p\u0142ynie z kierunku wschodniego. Sp\u00f3r dotyczy zar\u00f3wno \u017ar\u00f3d\u0142a finansowania zbroje\u0144, jak i roli Brukseli w mechanizmach [&hellip;]\" \/>\n<meta property=\"og:url\" content=\"https:\/\/kanalpolityczny.tv\/index.php\/2026\/03\/13\/kosiniak-kamysz-uderza-w-prezydenta-nawrockiego-pomieszaly-sie-kierunki\/\" \/>\n<meta property=\"og:site_name\" content=\"Kana\u0142Polityczny.TV\" \/>\n<meta property=\"article:published_time\" content=\"2026-03-13T16:12:38+00:00\" \/>\n<meta property=\"og:image\" content=\"https:\/\/kanalpolityczny.tv\/wp-content\/uploads\/2025\/07\/wladyslaw_kosiniak_kamysz.jpg\" \/>\n\t<meta property=\"og:image:width\" content=\"1280\" \/>\n\t<meta property=\"og:image:height\" content=\"720\" \/>\n\t<meta property=\"og:image:type\" content=\"image\/jpeg\" \/>\n<meta name=\"author\" content=\"Judyta Jankowska\" \/>\n<meta name=\"twitter:card\" content=\"summary_large_image\" \/>\n<meta name=\"twitter:label1\" content=\"Napisane przez\" \/>\n\t<meta name=\"twitter:data1\" content=\"Judyta Jankowska\" \/>\n\t<meta name=\"twitter:label2\" content=\"Szacowany czas czytania\" \/>\n\t<meta name=\"twitter:data2\" content=\"3 minuty\" \/>\n<script type=\"application\/ld+json\" class=\"yoast-schema-graph\">{\"@context\":\"https:\\\/\\\/schema.org\",\"@graph\":[{\"@type\":\"Article\",\"@id\":\"https:\\\/\\\/kanalpolityczny.tv\\\/index.php\\\/2026\\\/03\\\/13\\\/kosiniak-kamysz-uderza-w-prezydenta-nawrockiego-pomieszaly-sie-kierunki\\\/#article\",\"isPartOf\":{\"@id\":\"https:\\\/\\\/kanalpolityczny.tv\\\/index.php\\\/2026\\\/03\\\/13\\\/kosiniak-kamysz-uderza-w-prezydenta-nawrockiego-pomieszaly-sie-kierunki\\\/\"},\"author\":{\"name\":\"Judyta Jankowska\",\"@id\":\"https:\\\/\\\/kanalpolityczny.tv\\\/#\\\/schema\\\/person\\\/fc214b6f7f453d60dbd2f73586a2a215\"},\"headline\":\"Kosiniak-Kamysz uderza w prezydenta Nawrockiego. &#8222;Pomiesza\u0142y si\u0119 kierunki&#8221;\",\"datePublished\":\"2026-03-13T16:12:38+00:00\",\"mainEntityOfPage\":{\"@id\":\"https:\\\/\\\/kanalpolityczny.tv\\\/index.php\\\/2026\\\/03\\\/13\\\/kosiniak-kamysz-uderza-w-prezydenta-nawrockiego-pomieszaly-sie-kierunki\\\/\"},\"wordCount\":445,\"commentCount\":0,\"publisher\":{\"@id\":\"https:\\\/\\\/kanalpolityczny.tv\\\/#organization\"},\"image\":{\"@id\":\"https:\\\/\\\/kanalpolityczny.tv\\\/index.php\\\/2026\\\/03\\\/13\\\/kosiniak-kamysz-uderza-w-prezydenta-nawrockiego-pomieszaly-sie-kierunki\\\/#primaryimage\"},\"thumbnailUrl\":\"https:\\\/\\\/kanalpolityczny.tv\\\/wp-content\\\/uploads\\\/2025\\\/07\\\/wladyslaw_kosiniak_kamysz.jpg\",\"articleSection\":[\"Kraj\"],\"inLanguage\":\"pl-PL\",\"potentialAction\":[{\"@type\":\"CommentAction\",\"name\":\"Comment\",\"target\":[\"https:\\\/\\\/kanalpolityczny.tv\\\/index.php\\\/2026\\\/03\\\/13\\\/kosiniak-kamysz-uderza-w-prezydenta-nawrockiego-pomieszaly-sie-kierunki\\\/#respond\"]}]},{\"@type\":\"WebPage\",\"@id\":\"https:\\\/\\\/kanalpolityczny.tv\\\/index.php\\\/2026\\\/03\\\/13\\\/kosiniak-kamysz-uderza-w-prezydenta-nawrockiego-pomieszaly-sie-kierunki\\\/\",\"url\":\"https:\\\/\\\/kanalpolityczny.tv\\\/index.php\\\/2026\\\/03\\\/13\\\/kosiniak-kamysz-uderza-w-prezydenta-nawrockiego-pomieszaly-sie-kierunki\\\/\",\"name\":\"Kosiniak-Kamysz uderza w prezydenta Nawrockiego. \\\"Pomiesza\u0142y si\u0119 kierunki\\\" - Kana\u0142Polityczny.TV\",\"isPartOf\":{\"@id\":\"https:\\\/\\\/kanalpolityczny.tv\\\/#website\"},\"primaryImageOfPage\":{\"@id\":\"https:\\\/\\\/kanalpolityczny.tv\\\/index.php\\\/2026\\\/03\\\/13\\\/kosiniak-kamysz-uderza-w-prezydenta-nawrockiego-pomieszaly-sie-kierunki\\\/#primaryimage\"},\"image\":{\"@id\":\"https:\\\/\\\/kanalpolityczny.tv\\\/index.php\\\/2026\\\/03\\\/13\\\/kosiniak-kamysz-uderza-w-prezydenta-nawrockiego-pomieszaly-sie-kierunki\\\/#primaryimage\"},\"thumbnailUrl\":\"https:\\\/\\\/kanalpolityczny.tv\\\/wp-content\\\/uploads\\\/2025\\\/07\\\/wladyslaw_kosiniak_kamysz.jpg\",\"datePublished\":\"2026-03-13T16:12:38+00:00\",\"breadcrumb\":{\"@id\":\"https:\\\/\\\/kanalpolityczny.tv\\\/index.php\\\/2026\\\/03\\\/13\\\/kosiniak-kamysz-uderza-w-prezydenta-nawrockiego-pomieszaly-sie-kierunki\\\/#breadcrumb\"},\"inLanguage\":\"pl-PL\",\"potentialAction\":[{\"@type\":\"ReadAction\",\"target\":[\"https:\\\/\\\/kanalpolityczny.tv\\\/index.php\\\/2026\\\/03\\\/13\\\/kosiniak-kamysz-uderza-w-prezydenta-nawrockiego-pomieszaly-sie-kierunki\\\/\"]}]},{\"@type\":\"ImageObject\",\"inLanguage\":\"pl-PL\",\"@id\":\"https:\\\/\\\/kanalpolityczny.tv\\\/index.php\\\/2026\\\/03\\\/13\\\/kosiniak-kamysz-uderza-w-prezydenta-nawrockiego-pomieszaly-sie-kierunki\\\/#primaryimage\",\"url\":\"https:\\\/\\\/kanalpolityczny.tv\\\/wp-content\\\/uploads\\\/2025\\\/07\\\/wladyslaw_kosiniak_kamysz.jpg\",\"contentUrl\":\"https:\\\/\\\/kanalpolityczny.tv\\\/wp-content\\\/uploads\\\/2025\\\/07\\\/wladyslaw_kosiniak_kamysz.jpg\",\"width\":1280,\"height\":720},{\"@type\":\"BreadcrumbList\",\"@id\":\"https:\\\/\\\/kanalpolityczny.tv\\\/index.php\\\/2026\\\/03\\\/13\\\/kosiniak-kamysz-uderza-w-prezydenta-nawrockiego-pomieszaly-sie-kierunki\\\/#breadcrumb\",\"itemListElement\":[{\"@type\":\"ListItem\",\"position\":1,\"name\":\"Strona g\u0142\u00f3wna\",\"item\":\"https:\\\/\\\/kanalpolityczny.tv\\\/\"},{\"@type\":\"ListItem\",\"position\":2,\"name\":\"Kosiniak-Kamysz uderza w prezydenta Nawrockiego. &#8222;Pomiesza\u0142y si\u0119 kierunki&#8221;\"}]},{\"@type\":\"WebSite\",\"@id\":\"https:\\\/\\\/kanalpolityczny.tv\\\/#website\",\"url\":\"https:\\\/\\\/kanalpolityczny.tv\\\/\",\"name\":\"Kana\u0142Polityczny.TV\",\"description\":\"\",\"publisher\":{\"@id\":\"https:\\\/\\\/kanalpolityczny.tv\\\/#organization\"},\"potentialAction\":[{\"@type\":\"SearchAction\",\"target\":{\"@type\":\"EntryPoint\",\"urlTemplate\":\"https:\\\/\\\/kanalpolityczny.tv\\\/?s={search_term_string}\"},\"query-input\":{\"@type\":\"PropertyValueSpecification\",\"valueRequired\":true,\"valueName\":\"search_term_string\"}}],\"inLanguage\":\"pl-PL\"},{\"@type\":\"Organization\",\"@id\":\"https:\\\/\\\/kanalpolityczny.tv\\\/#organization\",\"name\":\"Kana\u0142Polityczny.TV\",\"url\":\"https:\\\/\\\/kanalpolityczny.tv\\\/\",\"logo\":{\"@type\":\"ImageObject\",\"inLanguage\":\"pl-PL\",\"@id\":\"https:\\\/\\\/kanalpolityczny.tv\\\/#\\\/schema\\\/logo\\\/image\\\/\",\"url\":\"https:\\\/\\\/kanalpolityczny.tv\\\/wp-content\\\/uploads\\\/2025\\\/07\\\/cropped-Bez-nazwy-2.png\",\"contentUrl\":\"https:\\\/\\\/kanalpolityczny.tv\\\/wp-content\\\/uploads\\\/2025\\\/07\\\/cropped-Bez-nazwy-2.png\",\"width\":526,\"height\":174,\"caption\":\"Kana\u0142Polityczny.TV\"},\"image\":{\"@id\":\"https:\\\/\\\/kanalpolityczny.tv\\\/#\\\/schema\\\/logo\\\/image\\\/\"}},{\"@type\":\"Person\",\"@id\":\"https:\\\/\\\/kanalpolityczny.tv\\\/#\\\/schema\\\/person\\\/fc214b6f7f453d60dbd2f73586a2a215\",\"name\":\"Judyta Jankowska\",\"image\":{\"@type\":\"ImageObject\",\"inLanguage\":\"pl-PL\",\"@id\":\"http:\\\/\\\/kanalpolityczny.tv\\\/wp-content\\\/uploads\\\/2025\\\/07\\\/cropped-gpt-image-1_wygeneruj_fotorealis-96x96.png\",\"url\":\"http:\\\/\\\/kanalpolityczny.tv\\\/wp-content\\\/uploads\\\/2025\\\/07\\\/cropped-gpt-image-1_wygeneruj_fotorealis-96x96.png\",\"contentUrl\":\"http:\\\/\\\/kanalpolityczny.tv\\\/wp-content\\\/uploads\\\/2025\\\/07\\\/cropped-gpt-image-1_wygeneruj_fotorealis-96x96.png\",\"caption\":\"Judyta Jankowska\"},\"description\":\"29-letnia dziennikarka specjalizuj\u0105ca si\u0119 w tematyce spo\u0142ecznej i reporta\u017cu \u015bledczym. Od sze\u015bciu lat zwi\u0105zana z mediami \u2013 pracowa\u0142a m.in. w redakcjach og\u00f3lnopolskich portali informacyjnych i magazyn\u00f3w. Znana z dociekliwo\u015bci i umiej\u0119tno\u015bci budowania relacji z rozm\u00f3wcami. Jej pasj\u0105 s\u0105 podr\u00f3\u017ce po mniej znanych zak\u0105tkach Polski, fotografia analogowa oraz bieganie w maratonach miejskich. W wolnych chwilach prowadzi bloga o lokalnych inicjatywach spo\u0142ecznych.\",\"sameAs\":[\"http:\\\/\\\/kanalpolityczny.tv\"],\"url\":\"https:\\\/\\\/kanalpolityczny.tv\\\/index.php\\\/author\\\/admin3340\\\/\"}]}<\/script>\n<!-- \/ Yoast SEO plugin. -->","yoast_head_json":{"title":"Kosiniak-Kamysz uderza w prezydenta Nawrockiego. \"Pomiesza\u0142y si\u0119 kierunki\" - Kana\u0142Polityczny.TV","robots":{"index":"index","follow":"follow","max-snippet":"max-snippet:-1","max-image-preview":"max-image-preview:large","max-video-preview":"max-video-preview:-1"},"canonical":"https:\/\/kanalpolityczny.tv\/index.php\/2026\/03\/13\/kosiniak-kamysz-uderza-w-prezydenta-nawrockiego-pomieszaly-sie-kierunki\/","og_locale":"pl_PL","og_type":"article","og_title":"Kosiniak-Kamysz uderza w prezydenta Nawrockiego. \"Pomiesza\u0142y si\u0119 kierunki\" - Kana\u0142Polityczny.TV","og_description":"Prezydent Karol Nawrocki zawetowa\u0142 ustaw\u0119 wdra\u017caj\u0105c\u0105 unijny program po\u017cyczkowy SAFE na obronno\u015b\u0107. G\u0142owa pa\u0144stwa uzasadni\u0142a decyzj\u0119 ryzykiem ograniczenia suwerenno\u015bci i mo\u017cliwo\u015bci\u0105 wstrzymania finansowania przez instytucje UE. Minister obrony W\u0142adys\u0142aw Kosiniak\u2011Kamysz publicznie skrytykowa\u0142 weto, wskazuj\u0105c, \u017ce kluczowe zagro\u017cenie dla suwerenno\u015bci p\u0142ynie z kierunku wschodniego. Sp\u00f3r dotyczy zar\u00f3wno \u017ar\u00f3d\u0142a finansowania zbroje\u0144, jak i roli Brukseli w mechanizmach [&hellip;]","og_url":"https:\/\/kanalpolityczny.tv\/index.php\/2026\/03\/13\/kosiniak-kamysz-uderza-w-prezydenta-nawrockiego-pomieszaly-sie-kierunki\/","og_site_name":"Kana\u0142Polityczny.TV","article_published_time":"2026-03-13T16:12:38+00:00","og_image":[{"width":1280,"height":720,"url":"https:\/\/kanalpolityczny.tv\/wp-content\/uploads\/2025\/07\/wladyslaw_kosiniak_kamysz.jpg","type":"image\/jpeg"}],"author":"Judyta Jankowska","twitter_card":"summary_large_image","twitter_misc":{"Napisane przez":"Judyta Jankowska","Szacowany czas czytania":"3 minuty"},"schema":{"@context":"https:\/\/schema.org","@graph":[{"@type":"Article","@id":"https:\/\/kanalpolityczny.tv\/index.php\/2026\/03\/13\/kosiniak-kamysz-uderza-w-prezydenta-nawrockiego-pomieszaly-sie-kierunki\/#article","isPartOf":{"@id":"https:\/\/kanalpolityczny.tv\/index.php\/2026\/03\/13\/kosiniak-kamysz-uderza-w-prezydenta-nawrockiego-pomieszaly-sie-kierunki\/"},"author":{"name":"Judyta Jankowska","@id":"https:\/\/kanalpolityczny.tv\/#\/schema\/person\/fc214b6f7f453d60dbd2f73586a2a215"},"headline":"Kosiniak-Kamysz uderza w prezydenta Nawrockiego. &#8222;Pomiesza\u0142y si\u0119 kierunki&#8221;","datePublished":"2026-03-13T16:12:38+00:00","mainEntityOfPage":{"@id":"https:\/\/kanalpolityczny.tv\/index.php\/2026\/03\/13\/kosiniak-kamysz-uderza-w-prezydenta-nawrockiego-pomieszaly-sie-kierunki\/"},"wordCount":445,"commentCount":0,"publisher":{"@id":"https:\/\/kanalpolityczny.tv\/#organization"},"image":{"@id":"https:\/\/kanalpolityczny.tv\/index.php\/2026\/03\/13\/kosiniak-kamysz-uderza-w-prezydenta-nawrockiego-pomieszaly-sie-kierunki\/#primaryimage"},"thumbnailUrl":"https:\/\/kanalpolityczny.tv\/wp-content\/uploads\/2025\/07\/wladyslaw_kosiniak_kamysz.jpg","articleSection":["Kraj"],"inLanguage":"pl-PL","potentialAction":[{"@type":"CommentAction","name":"Comment","target":["https:\/\/kanalpolityczny.tv\/index.php\/2026\/03\/13\/kosiniak-kamysz-uderza-w-prezydenta-nawrockiego-pomieszaly-sie-kierunki\/#respond"]}]},{"@type":"WebPage","@id":"https:\/\/kanalpolityczny.tv\/index.php\/2026\/03\/13\/kosiniak-kamysz-uderza-w-prezydenta-nawrockiego-pomieszaly-sie-kierunki\/","url":"https:\/\/kanalpolityczny.tv\/index.php\/2026\/03\/13\/kosiniak-kamysz-uderza-w-prezydenta-nawrockiego-pomieszaly-sie-kierunki\/","name":"Kosiniak-Kamysz uderza w prezydenta Nawrockiego. \"Pomiesza\u0142y si\u0119 kierunki\" - Kana\u0142Polityczny.TV","isPartOf":{"@id":"https:\/\/kanalpolityczny.tv\/#website"},"primaryImageOfPage":{"@id":"https:\/\/kanalpolityczny.tv\/index.php\/2026\/03\/13\/kosiniak-kamysz-uderza-w-prezydenta-nawrockiego-pomieszaly-sie-kierunki\/#primaryimage"},"image":{"@id":"https:\/\/kanalpolityczny.tv\/index.php\/2026\/03\/13\/kosiniak-kamysz-uderza-w-prezydenta-nawrockiego-pomieszaly-sie-kierunki\/#primaryimage"},"thumbnailUrl":"https:\/\/kanalpolityczny.tv\/wp-content\/uploads\/2025\/07\/wladyslaw_kosiniak_kamysz.jpg","datePublished":"2026-03-13T16:12:38+00:00","breadcrumb":{"@id":"https:\/\/kanalpolityczny.tv\/index.php\/2026\/03\/13\/kosiniak-kamysz-uderza-w-prezydenta-nawrockiego-pomieszaly-sie-kierunki\/#breadcrumb"},"inLanguage":"pl-PL","potentialAction":[{"@type":"ReadAction","target":["https:\/\/kanalpolityczny.tv\/index.php\/2026\/03\/13\/kosiniak-kamysz-uderza-w-prezydenta-nawrockiego-pomieszaly-sie-kierunki\/"]}]},{"@type":"ImageObject","inLanguage":"pl-PL","@id":"https:\/\/kanalpolityczny.tv\/index.php\/2026\/03\/13\/kosiniak-kamysz-uderza-w-prezydenta-nawrockiego-pomieszaly-sie-kierunki\/#primaryimage","url":"https:\/\/kanalpolityczny.tv\/wp-content\/uploads\/2025\/07\/wladyslaw_kosiniak_kamysz.jpg","contentUrl":"https:\/\/kanalpolityczny.tv\/wp-content\/uploads\/2025\/07\/wladyslaw_kosiniak_kamysz.jpg","width":1280,"height":720},{"@type":"BreadcrumbList","@id":"https:\/\/kanalpolityczny.tv\/index.php\/2026\/03\/13\/kosiniak-kamysz-uderza-w-prezydenta-nawrockiego-pomieszaly-sie-kierunki\/#breadcrumb","itemListElement":[{"@type":"ListItem","position":1,"name":"Strona g\u0142\u00f3wna","item":"https:\/\/kanalpolityczny.tv\/"},{"@type":"ListItem","position":2,"name":"Kosiniak-Kamysz uderza w prezydenta Nawrockiego. &#8222;Pomiesza\u0142y si\u0119 kierunki&#8221;"}]},{"@type":"WebSite","@id":"https:\/\/kanalpolityczny.tv\/#website","url":"https:\/\/kanalpolityczny.tv\/","name":"Kana\u0142Polityczny.TV","description":"","publisher":{"@id":"https:\/\/kanalpolityczny.tv\/#organization"},"potentialAction":[{"@type":"SearchAction","target":{"@type":"EntryPoint","urlTemplate":"https:\/\/kanalpolityczny.tv\/?s={search_term_string}"},"query-input":{"@type":"PropertyValueSpecification","valueRequired":true,"valueName":"search_term_string"}}],"inLanguage":"pl-PL"},{"@type":"Organization","@id":"https:\/\/kanalpolityczny.tv\/#organization","name":"Kana\u0142Polityczny.TV","url":"https:\/\/kanalpolityczny.tv\/","logo":{"@type":"ImageObject","inLanguage":"pl-PL","@id":"https:\/\/kanalpolityczny.tv\/#\/schema\/logo\/image\/","url":"https:\/\/kanalpolityczny.tv\/wp-content\/uploads\/2025\/07\/cropped-Bez-nazwy-2.png","contentUrl":"https:\/\/kanalpolityczny.tv\/wp-content\/uploads\/2025\/07\/cropped-Bez-nazwy-2.png","width":526,"height":174,"caption":"Kana\u0142Polityczny.TV"},"image":{"@id":"https:\/\/kanalpolityczny.tv\/#\/schema\/logo\/image\/"}},{"@type":"Person","@id":"https:\/\/kanalpolityczny.tv\/#\/schema\/person\/fc214b6f7f453d60dbd2f73586a2a215","name":"Judyta Jankowska","image":{"@type":"ImageObject","inLanguage":"pl-PL","@id":"https:\/\/kanalpolityczny.tv\/wp-content\/uploads\/2025\/07\/cropped-gpt-image-1_wygeneruj_fotorealis-96x96.png","url":"https:\/\/kanalpolityczny.tv\/wp-content\/uploads\/2025\/07\/cropped-gpt-image-1_wygeneruj_fotorealis-96x96.png","contentUrl":"https:\/\/kanalpolityczny.tv\/wp-content\/uploads\/2025\/07\/cropped-gpt-image-1_wygeneruj_fotorealis-96x96.png","caption":"Judyta Jankowska"},"description":"29-letnia dziennikarka specjalizuj\u0105ca si\u0119 w tematyce spo\u0142ecznej i reporta\u017cu \u015bledczym. Od sze\u015bciu lat zwi\u0105zana z mediami \u2013 pracowa\u0142a m.in. w redakcjach og\u00f3lnopolskich portali informacyjnych i magazyn\u00f3w. Znana z dociekliwo\u015bci i umiej\u0119tno\u015bci budowania relacji z rozm\u00f3wcami. Jej pasj\u0105 s\u0105 podr\u00f3\u017ce po mniej znanych zak\u0105tkach Polski, fotografia analogowa oraz bieganie w maratonach miejskich. W wolnych chwilach prowadzi bloga o lokalnych inicjatywach spo\u0142ecznych.","sameAs":["https:\/\/kanalpolityczny.tv"],"url":"https:\/\/kanalpolityczny.tv\/index.php\/author\/admin3340\/"}]}},"_links":{"self":[{"href":"https:\/\/kanalpolityczny.tv\/index.php\/wp-json\/wp\/v2\/posts\/1182","targetHints":{"allow":["GET"]}}],"collection":[{"href":"https:\/\/kanalpolityczny.tv\/index.php\/wp-json\/wp\/v2\/posts"}],"about":[{"href":"https:\/\/kanalpolityczny.tv\/index.php\/wp-json\/wp\/v2\/types\/post"}],"author":[{"embeddable":true,"href":"https:\/\/kanalpolityczny.tv\/index.php\/wp-json\/wp\/v2\/users\/1"}],"replies":[{"embeddable":true,"href":"https:\/\/kanalpolityczny.tv\/index.php\/wp-json\/wp\/v2\/comments?post=1182"}],"version-history":[{"count":1,"href":"https:\/\/kanalpolityczny.tv\/index.php\/wp-json\/wp\/v2\/posts\/1182\/revisions"}],"predecessor-version":[{"id":1183,"href":"https:\/\/kanalpolityczny.tv\/index.php\/wp-json\/wp\/v2\/posts\/1182\/revisions\/1183"}],"wp:featuredmedia":[{"embeddable":true,"href":"https:\/\/kanalpolityczny.tv\/index.php\/wp-json\/wp\/v2\/media\/396"}],"wp:attachment":[{"href":"https:\/\/kanalpolityczny.tv\/index.php\/wp-json\/wp\/v2\/media?parent=1182"}],"wp:term":[{"taxonomy":"category","embeddable":true,"href":"https:\/\/kanalpolityczny.tv\/index.php\/wp-json\/wp\/v2\/categories?post=1182"},{"taxonomy":"post_tag","embeddable":true,"href":"https:\/\/kanalpolityczny.tv\/index.php\/wp-json\/wp\/v2\/tags?post=1182"}],"curies":[{"name":"wp","href":"https:\/\/api.w.org\/{rel}","templated":true}]}}