{"id":1180,"date":"2026-03-10T19:32:23","date_gmt":"2026-03-10T18:32:23","guid":{"rendered":"https:\/\/kanalpolityczny.tv\/?p=1180"},"modified":"2026-03-10T19:32:23","modified_gmt":"2026-03-10T18:32:23","slug":"prokuratura-chce-przesluchac-prezydenta-karola-nawrockiego-w-tle-sprawa-muzeum-ii-ws","status":"publish","type":"post","link":"https:\/\/kanalpolityczny.tv\/index.php\/2026\/03\/10\/prokuratura-chce-przesluchac-prezydenta-karola-nawrockiego-w-tle-sprawa-muzeum-ii-ws\/","title":{"rendered":"Prokuratura chce przes\u0142ucha\u0107 prezydenta Karola Nawrockiego. W tle sprawa Muzeum II W\u015a"},"content":{"rendered":"<h2><strong>Prokuratura Okr\u0119gowa w Gda\u0144sku zwr\u00f3ci\u0142a si\u0119 do Kancelarii Prezydenta RP o wskazanie terminu przes\u0142uchania Karola Nawrockiego w charakterze \u015bwiadka. Sprawa dotyczy korzystania z apartament\u00f3w nale\u017c\u0105cych do Muzeum II Wojny \u015awiatowej w Gda\u0144sku w okresie, gdy Nawrocki kierowa\u0142 plac\u00f3wk\u0105. Post\u0119powanie trwa od lutego ubieg\u0142ego roku i obejmuje analiz\u0119 dokument\u00f3w, rezerwacji oraz p\u0142atno\u015bci.<\/strong><\/h2>\n<hr \/>\n<h3>Skr\u00f3t artyku\u0142u<\/h3>\n<ol>\n<li><strong>Prokuratura chce przes\u0142ucha\u0107 Karola Nawrockiego jako \u015bwiadka<\/strong>\u00a0\u2013 termin ma wskaza\u0107 Kancelaria Prezydenta.<\/li>\n<li>\u015aledztwo dotyczy\u00a0<strong>korzystania z pokoi i apartament\u00f3w muzealnych<\/strong>\u00a0oraz mo\u017cliwego dzia\u0142ania \u201ewbrew regulaminom i zarz\u0105dzeniom\u201d.<\/li>\n<li>Nawrocki podkre\u015bla, \u017ce\u00a0<strong>nie mieszka\u0142 w apartamencie przez 200 dni<\/strong>, a rezerwacje mia\u0142y te\u017c dotyczy\u0107 spotka\u0144 s\u0142u\u017cbowych i okres\u00f3w kwarantanny.<\/li>\n<li>Prokuratura zgromadzi\u0142a dokumenty, przes\u0142ucha\u0142a \u015bwiadk\u00f3w i uzyska\u0142a materia\u0142y m.in. z NIK;\u00a0<strong>analiza kryminalna<\/strong>\u00a0skutkowa\u0142a konieczno\u015bci\u0105 dalszych przes\u0142ucha\u0144.<\/li>\n<\/ol>\n<hr \/>\n<p>Jak poda\u0142 portal Gazeta.pl, gda\u0144scy \u015bledczy chc\u0105 przes\u0142ucha\u0107\u00a0<strong>Karola Nawrockiego w charakterze \u015bwiadka<\/strong>\u00a0w tocz\u0105cym si\u0119 post\u0119powaniu dotycz\u0105cym Muzeum II Wojny \u015awiatowej. Prokuratura mia\u0142a zwr\u00f3ci\u0107 si\u0119 do Kancelarii Prezydenta RP o\u00a0<strong>wskazanie dogodnego terminu<\/strong>.<\/p>\n<h2>Czego dotyczy sprawa: apartamenty przy Muzeum II Wojny \u015awiatowej<\/h2>\n<p>W\u0105tek dotyczy korzystania z apartament\u00f3w i pokoi w kompleksie hotelowym nale\u017c\u0105cym do Muzeum II Wojny \u015awiatowej w Gda\u0144sku. \u201eGazeta Wyborcza\u201d opisywa\u0142a wcze\u015bniej spraw\u0119, wskazuj\u0105c na rezerwacje i korzystanie z apartamentu, co sta\u0142o si\u0119 podstaw\u0105 medialnej dyskusji.<\/p>\n<h2>Stanowisko Karola Nawrockiego<\/h2>\n<p>Karol Nawrocki odnosi\u0142 si\u0119 publicznie do tych doniesie\u0144. Wyja\u015bnia\u0142 m.in., \u017ce w czasie pandemii COVID-19\u00a0<strong>dwukrotnie odby\u0142 10-dniow\u0105 kwarantann\u0119<\/strong>\u00a0w apartamencie, jednocze\u015bnie wykonuj\u0105c obowi\u0105zki s\u0142u\u017cbowe.<\/p>\n<p>Podkre\u015bla\u0142 te\u017c, \u017ce:<\/p>\n<ul>\n<li><strong>\u201eTo nie jest prawdziwa informacja, \u017ce mieszka\u0142em tam przez 200 dni\u201d<\/strong>,<\/li>\n<li>pokoje mog\u0142y by\u0107\u00a0<strong>zarezerwowane na jego nazwisko<\/strong>\u00a0przez d\u0142u\u017cszy czas, ale mia\u0142y s\u0142u\u017cy\u0107 r\u00f3wnie\u017c\u00a0<strong>spotkaniom s\u0142u\u017cbowym<\/strong>\u00a0z go\u015b\u0107mi z kraju i z zagranicy,<\/li>\n<li>deklarowa\u0142 gotowo\u015b\u0107\u00a0<strong>pokrycia koszt\u00f3w noclegu<\/strong>, je\u015bli muzeum zwr\u00f3ci si\u0119 o to formalnie.<\/li>\n<\/ul>\n<h2>Zakres \u015bledztwa i dotychczasowe czynno\u015bci<\/h2>\n<p>Prokuratura Okr\u0119gowa w Gda\u0144sku wszcz\u0119\u0142a \u015bledztwo w lutym ubieg\u0142ego roku. Wed\u0142ug opisu sprawy, badany ma by\u0107 okres\u00a0<strong>od 18 pa\u017adziernika 2017 r. do czerwca 2024 r.<\/strong>\u00a0pod k\u0105tem tego, czy dosz\u0142o do\u00a0<strong>przekroczenia uprawnie\u0144 przez dyrekcj\u0119<\/strong>\u00a0muzeum.<\/p>\n<p>Z informacji przekazanych przez prokuratur\u0119 wynika, \u017ce:<\/p>\n<ul>\n<li>zgromadzono dokumentacj\u0119 (m.in.\u00a0<strong>kalendarze rezerwacji, blokady pokoi, korespondencj\u0119 e-mail<\/strong>),<\/li>\n<li>przes\u0142uchano \u015bwiadk\u00f3w,<\/li>\n<li>wp\u0142yn\u0119\u0142a\u00a0<strong>analiza kryminalna<\/strong>, po kt\u00f3rej zapad\u0142a decyzja o\u00a0<strong>przes\u0142uchaniach uzupe\u0142niaj\u0105cych<\/strong>\u00a0kolejnych os\u00f3b,<\/li>\n<li>uzyskano dodatkowe dokumenty z\u00a0<strong>Najwy\u017cszej Izby Kontroli<\/strong>.<\/li>\n<\/ul>\n<p>Dalszy bieg sprawy zale\u017cy m.in. od ustalenia terminu przes\u0142uchania i kontynuacji czynno\u015bci procesowych wskazanych przez prokuratur\u0119.<\/p>\n","protected":false},"excerpt":{"rendered":"<p>Prokuratura Okr\u0119gowa w Gda\u0144sku zwr\u00f3ci\u0142a si\u0119 do Kancelarii Prezydenta RP o wskazanie terminu przes\u0142uchania Karola Nawrockiego w charakterze \u015bwiadka. Sprawa dotyczy korzystania z apartament\u00f3w nale\u017c\u0105cych do Muzeum II Wojny \u015awiatowej w Gda\u0144sku w okresie, gdy Nawrocki kierowa\u0142 plac\u00f3wk\u0105. Post\u0119powanie trwa od lutego ubieg\u0142ego roku i obejmuje analiz\u0119 dokument\u00f3w, rezerwacji oraz p\u0142atno\u015bci. Skr\u00f3t artyku\u0142u Prokuratura chce [&hellip;]<\/p>\n","protected":false},"author":1,"featured_media":740,"comment_status":"open","ping_status":"open","sticky":false,"template":"","format":"standard","meta":{"googlesitekit_rrm_CAowqI3HCw:productID":"","footnotes":""},"categories":[52],"tags":[],"class_list":["post-1180","post","type-post","status-publish","format-standard","has-post-thumbnail","hentry","category-kraj"],"yoast_head":"<!-- This site is optimized with the Yoast SEO plugin v27.5 - https:\/\/yoast.com\/product\/yoast-seo-wordpress\/ -->\n<title>Prokuratura chce przes\u0142ucha\u0107 prezydenta Karola Nawrockiego. W tle sprawa Muzeum II W\u015a - Kana\u0142Polityczny.TV<\/title>\n<meta name=\"robots\" content=\"index, follow, max-snippet:-1, max-image-preview:large, max-video-preview:-1\" \/>\n<link rel=\"canonical\" href=\"https:\/\/kanalpolityczny.tv\/index.php\/2026\/03\/10\/prokuratura-chce-przesluchac-prezydenta-karola-nawrockiego-w-tle-sprawa-muzeum-ii-ws\/\" \/>\n<meta property=\"og:locale\" content=\"pl_PL\" \/>\n<meta property=\"og:type\" content=\"article\" \/>\n<meta property=\"og:title\" content=\"Prokuratura chce przes\u0142ucha\u0107 prezydenta Karola Nawrockiego. W tle sprawa Muzeum II W\u015a - Kana\u0142Polityczny.TV\" \/>\n<meta property=\"og:description\" content=\"Prokuratura Okr\u0119gowa w Gda\u0144sku zwr\u00f3ci\u0142a si\u0119 do Kancelarii Prezydenta RP o wskazanie terminu przes\u0142uchania Karola Nawrockiego w charakterze \u015bwiadka. Sprawa dotyczy korzystania z apartament\u00f3w nale\u017c\u0105cych do Muzeum II Wojny \u015awiatowej w Gda\u0144sku w okresie, gdy Nawrocki kierowa\u0142 plac\u00f3wk\u0105. Post\u0119powanie trwa od lutego ubieg\u0142ego roku i obejmuje analiz\u0119 dokument\u00f3w, rezerwacji oraz p\u0142atno\u015bci. Skr\u00f3t artyku\u0142u Prokuratura chce [&hellip;]\" \/>\n<meta property=\"og:url\" content=\"https:\/\/kanalpolityczny.tv\/index.php\/2026\/03\/10\/prokuratura-chce-przesluchac-prezydenta-karola-nawrockiego-w-tle-sprawa-muzeum-ii-ws\/\" \/>\n<meta property=\"og:site_name\" content=\"Kana\u0142Polityczny.TV\" \/>\n<meta property=\"article:published_time\" content=\"2026-03-10T18:32:23+00:00\" \/>\n<meta property=\"og:image\" content=\"https:\/\/kanalpolityczny.tv\/wp-content\/uploads\/2025\/09\/karol_nawrocki-4.jpg\" \/>\n\t<meta property=\"og:image:width\" content=\"1280\" \/>\n\t<meta property=\"og:image:height\" content=\"720\" \/>\n\t<meta property=\"og:image:type\" content=\"image\/jpeg\" \/>\n<meta name=\"author\" content=\"Judyta Jankowska\" \/>\n<meta name=\"twitter:card\" content=\"summary_large_image\" \/>\n<meta name=\"twitter:label1\" content=\"Napisane przez\" \/>\n\t<meta name=\"twitter:data1\" content=\"Judyta Jankowska\" \/>\n\t<meta name=\"twitter:label2\" content=\"Szacowany czas czytania\" \/>\n\t<meta name=\"twitter:data2\" content=\"3 minuty\" \/>\n<script type=\"application\/ld+json\" class=\"yoast-schema-graph\">{\"@context\":\"https:\\\/\\\/schema.org\",\"@graph\":[{\"@type\":\"Article\",\"@id\":\"https:\\\/\\\/kanalpolityczny.tv\\\/index.php\\\/2026\\\/03\\\/10\\\/prokuratura-chce-przesluchac-prezydenta-karola-nawrockiego-w-tle-sprawa-muzeum-ii-ws\\\/#article\",\"isPartOf\":{\"@id\":\"https:\\\/\\\/kanalpolityczny.tv\\\/index.php\\\/2026\\\/03\\\/10\\\/prokuratura-chce-przesluchac-prezydenta-karola-nawrockiego-w-tle-sprawa-muzeum-ii-ws\\\/\"},\"author\":{\"name\":\"Judyta Jankowska\",\"@id\":\"https:\\\/\\\/kanalpolityczny.tv\\\/#\\\/schema\\\/person\\\/fc214b6f7f453d60dbd2f73586a2a215\"},\"headline\":\"Prokuratura chce przes\u0142ucha\u0107 prezydenta Karola Nawrockiego. W tle sprawa Muzeum II W\u015a\",\"datePublished\":\"2026-03-10T18:32:23+00:00\",\"mainEntityOfPage\":{\"@id\":\"https:\\\/\\\/kanalpolityczny.tv\\\/index.php\\\/2026\\\/03\\\/10\\\/prokuratura-chce-przesluchac-prezydenta-karola-nawrockiego-w-tle-sprawa-muzeum-ii-ws\\\/\"},\"wordCount\":475,\"commentCount\":0,\"publisher\":{\"@id\":\"https:\\\/\\\/kanalpolityczny.tv\\\/#organization\"},\"image\":{\"@id\":\"https:\\\/\\\/kanalpolityczny.tv\\\/index.php\\\/2026\\\/03\\\/10\\\/prokuratura-chce-przesluchac-prezydenta-karola-nawrockiego-w-tle-sprawa-muzeum-ii-ws\\\/#primaryimage\"},\"thumbnailUrl\":\"https:\\\/\\\/kanalpolityczny.tv\\\/wp-content\\\/uploads\\\/2025\\\/09\\\/karol_nawrocki-4.jpg\",\"articleSection\":[\"Kraj\"],\"inLanguage\":\"pl-PL\",\"potentialAction\":[{\"@type\":\"CommentAction\",\"name\":\"Comment\",\"target\":[\"https:\\\/\\\/kanalpolityczny.tv\\\/index.php\\\/2026\\\/03\\\/10\\\/prokuratura-chce-przesluchac-prezydenta-karola-nawrockiego-w-tle-sprawa-muzeum-ii-ws\\\/#respond\"]}]},{\"@type\":\"WebPage\",\"@id\":\"https:\\\/\\\/kanalpolityczny.tv\\\/index.php\\\/2026\\\/03\\\/10\\\/prokuratura-chce-przesluchac-prezydenta-karola-nawrockiego-w-tle-sprawa-muzeum-ii-ws\\\/\",\"url\":\"https:\\\/\\\/kanalpolityczny.tv\\\/index.php\\\/2026\\\/03\\\/10\\\/prokuratura-chce-przesluchac-prezydenta-karola-nawrockiego-w-tle-sprawa-muzeum-ii-ws\\\/\",\"name\":\"Prokuratura chce przes\u0142ucha\u0107 prezydenta Karola Nawrockiego. W tle sprawa Muzeum II W\u015a - Kana\u0142Polityczny.TV\",\"isPartOf\":{\"@id\":\"https:\\\/\\\/kanalpolityczny.tv\\\/#website\"},\"primaryImageOfPage\":{\"@id\":\"https:\\\/\\\/kanalpolityczny.tv\\\/index.php\\\/2026\\\/03\\\/10\\\/prokuratura-chce-przesluchac-prezydenta-karola-nawrockiego-w-tle-sprawa-muzeum-ii-ws\\\/#primaryimage\"},\"image\":{\"@id\":\"https:\\\/\\\/kanalpolityczny.tv\\\/index.php\\\/2026\\\/03\\\/10\\\/prokuratura-chce-przesluchac-prezydenta-karola-nawrockiego-w-tle-sprawa-muzeum-ii-ws\\\/#primaryimage\"},\"thumbnailUrl\":\"https:\\\/\\\/kanalpolityczny.tv\\\/wp-content\\\/uploads\\\/2025\\\/09\\\/karol_nawrocki-4.jpg\",\"datePublished\":\"2026-03-10T18:32:23+00:00\",\"breadcrumb\":{\"@id\":\"https:\\\/\\\/kanalpolityczny.tv\\\/index.php\\\/2026\\\/03\\\/10\\\/prokuratura-chce-przesluchac-prezydenta-karola-nawrockiego-w-tle-sprawa-muzeum-ii-ws\\\/#breadcrumb\"},\"inLanguage\":\"pl-PL\",\"potentialAction\":[{\"@type\":\"ReadAction\",\"target\":[\"https:\\\/\\\/kanalpolityczny.tv\\\/index.php\\\/2026\\\/03\\\/10\\\/prokuratura-chce-przesluchac-prezydenta-karola-nawrockiego-w-tle-sprawa-muzeum-ii-ws\\\/\"]}]},{\"@type\":\"ImageObject\",\"inLanguage\":\"pl-PL\",\"@id\":\"https:\\\/\\\/kanalpolityczny.tv\\\/index.php\\\/2026\\\/03\\\/10\\\/prokuratura-chce-przesluchac-prezydenta-karola-nawrockiego-w-tle-sprawa-muzeum-ii-ws\\\/#primaryimage\",\"url\":\"https:\\\/\\\/kanalpolityczny.tv\\\/wp-content\\\/uploads\\\/2025\\\/09\\\/karol_nawrocki-4.jpg\",\"contentUrl\":\"https:\\\/\\\/kanalpolityczny.tv\\\/wp-content\\\/uploads\\\/2025\\\/09\\\/karol_nawrocki-4.jpg\",\"width\":1280,\"height\":720},{\"@type\":\"BreadcrumbList\",\"@id\":\"https:\\\/\\\/kanalpolityczny.tv\\\/index.php\\\/2026\\\/03\\\/10\\\/prokuratura-chce-przesluchac-prezydenta-karola-nawrockiego-w-tle-sprawa-muzeum-ii-ws\\\/#breadcrumb\",\"itemListElement\":[{\"@type\":\"ListItem\",\"position\":1,\"name\":\"Strona g\u0142\u00f3wna\",\"item\":\"https:\\\/\\\/kanalpolityczny.tv\\\/\"},{\"@type\":\"ListItem\",\"position\":2,\"name\":\"Prokuratura chce przes\u0142ucha\u0107 prezydenta Karola Nawrockiego. W tle sprawa Muzeum II W\u015a\"}]},{\"@type\":\"WebSite\",\"@id\":\"https:\\\/\\\/kanalpolityczny.tv\\\/#website\",\"url\":\"https:\\\/\\\/kanalpolityczny.tv\\\/\",\"name\":\"Kana\u0142Polityczny.TV\",\"description\":\"\",\"publisher\":{\"@id\":\"https:\\\/\\\/kanalpolityczny.tv\\\/#organization\"},\"potentialAction\":[{\"@type\":\"SearchAction\",\"target\":{\"@type\":\"EntryPoint\",\"urlTemplate\":\"https:\\\/\\\/kanalpolityczny.tv\\\/?s={search_term_string}\"},\"query-input\":{\"@type\":\"PropertyValueSpecification\",\"valueRequired\":true,\"valueName\":\"search_term_string\"}}],\"inLanguage\":\"pl-PL\"},{\"@type\":\"Organization\",\"@id\":\"https:\\\/\\\/kanalpolityczny.tv\\\/#organization\",\"name\":\"Kana\u0142Polityczny.TV\",\"url\":\"https:\\\/\\\/kanalpolityczny.tv\\\/\",\"logo\":{\"@type\":\"ImageObject\",\"inLanguage\":\"pl-PL\",\"@id\":\"https:\\\/\\\/kanalpolityczny.tv\\\/#\\\/schema\\\/logo\\\/image\\\/\",\"url\":\"https:\\\/\\\/kanalpolityczny.tv\\\/wp-content\\\/uploads\\\/2025\\\/07\\\/cropped-Bez-nazwy-2.png\",\"contentUrl\":\"https:\\\/\\\/kanalpolityczny.tv\\\/wp-content\\\/uploads\\\/2025\\\/07\\\/cropped-Bez-nazwy-2.png\",\"width\":526,\"height\":174,\"caption\":\"Kana\u0142Polityczny.TV\"},\"image\":{\"@id\":\"https:\\\/\\\/kanalpolityczny.tv\\\/#\\\/schema\\\/logo\\\/image\\\/\"}},{\"@type\":\"Person\",\"@id\":\"https:\\\/\\\/kanalpolityczny.tv\\\/#\\\/schema\\\/person\\\/fc214b6f7f453d60dbd2f73586a2a215\",\"name\":\"Judyta Jankowska\",\"image\":{\"@type\":\"ImageObject\",\"inLanguage\":\"pl-PL\",\"@id\":\"http:\\\/\\\/kanalpolityczny.tv\\\/wp-content\\\/uploads\\\/2025\\\/07\\\/cropped-gpt-image-1_wygeneruj_fotorealis-96x96.png\",\"url\":\"http:\\\/\\\/kanalpolityczny.tv\\\/wp-content\\\/uploads\\\/2025\\\/07\\\/cropped-gpt-image-1_wygeneruj_fotorealis-96x96.png\",\"contentUrl\":\"http:\\\/\\\/kanalpolityczny.tv\\\/wp-content\\\/uploads\\\/2025\\\/07\\\/cropped-gpt-image-1_wygeneruj_fotorealis-96x96.png\",\"caption\":\"Judyta Jankowska\"},\"description\":\"29-letnia dziennikarka specjalizuj\u0105ca si\u0119 w tematyce spo\u0142ecznej i reporta\u017cu \u015bledczym. Od sze\u015bciu lat zwi\u0105zana z mediami \u2013 pracowa\u0142a m.in. w redakcjach og\u00f3lnopolskich portali informacyjnych i magazyn\u00f3w. Znana z dociekliwo\u015bci i umiej\u0119tno\u015bci budowania relacji z rozm\u00f3wcami. Jej pasj\u0105 s\u0105 podr\u00f3\u017ce po mniej znanych zak\u0105tkach Polski, fotografia analogowa oraz bieganie w maratonach miejskich. W wolnych chwilach prowadzi bloga o lokalnych inicjatywach spo\u0142ecznych.\",\"sameAs\":[\"http:\\\/\\\/kanalpolityczny.tv\"],\"url\":\"https:\\\/\\\/kanalpolityczny.tv\\\/index.php\\\/author\\\/admin3340\\\/\"}]}<\/script>\n<!-- \/ Yoast SEO plugin. -->","yoast_head_json":{"title":"Prokuratura chce przes\u0142ucha\u0107 prezydenta Karola Nawrockiego. W tle sprawa Muzeum II W\u015a - Kana\u0142Polityczny.TV","robots":{"index":"index","follow":"follow","max-snippet":"max-snippet:-1","max-image-preview":"max-image-preview:large","max-video-preview":"max-video-preview:-1"},"canonical":"https:\/\/kanalpolityczny.tv\/index.php\/2026\/03\/10\/prokuratura-chce-przesluchac-prezydenta-karola-nawrockiego-w-tle-sprawa-muzeum-ii-ws\/","og_locale":"pl_PL","og_type":"article","og_title":"Prokuratura chce przes\u0142ucha\u0107 prezydenta Karola Nawrockiego. W tle sprawa Muzeum II W\u015a - Kana\u0142Polityczny.TV","og_description":"Prokuratura Okr\u0119gowa w Gda\u0144sku zwr\u00f3ci\u0142a si\u0119 do Kancelarii Prezydenta RP o wskazanie terminu przes\u0142uchania Karola Nawrockiego w charakterze \u015bwiadka. Sprawa dotyczy korzystania z apartament\u00f3w nale\u017c\u0105cych do Muzeum II Wojny \u015awiatowej w Gda\u0144sku w okresie, gdy Nawrocki kierowa\u0142 plac\u00f3wk\u0105. Post\u0119powanie trwa od lutego ubieg\u0142ego roku i obejmuje analiz\u0119 dokument\u00f3w, rezerwacji oraz p\u0142atno\u015bci. Skr\u00f3t artyku\u0142u Prokuratura chce [&hellip;]","og_url":"https:\/\/kanalpolityczny.tv\/index.php\/2026\/03\/10\/prokuratura-chce-przesluchac-prezydenta-karola-nawrockiego-w-tle-sprawa-muzeum-ii-ws\/","og_site_name":"Kana\u0142Polityczny.TV","article_published_time":"2026-03-10T18:32:23+00:00","og_image":[{"width":1280,"height":720,"url":"https:\/\/kanalpolityczny.tv\/wp-content\/uploads\/2025\/09\/karol_nawrocki-4.jpg","type":"image\/jpeg"}],"author":"Judyta Jankowska","twitter_card":"summary_large_image","twitter_misc":{"Napisane przez":"Judyta Jankowska","Szacowany czas czytania":"3 minuty"},"schema":{"@context":"https:\/\/schema.org","@graph":[{"@type":"Article","@id":"https:\/\/kanalpolityczny.tv\/index.php\/2026\/03\/10\/prokuratura-chce-przesluchac-prezydenta-karola-nawrockiego-w-tle-sprawa-muzeum-ii-ws\/#article","isPartOf":{"@id":"https:\/\/kanalpolityczny.tv\/index.php\/2026\/03\/10\/prokuratura-chce-przesluchac-prezydenta-karola-nawrockiego-w-tle-sprawa-muzeum-ii-ws\/"},"author":{"name":"Judyta Jankowska","@id":"https:\/\/kanalpolityczny.tv\/#\/schema\/person\/fc214b6f7f453d60dbd2f73586a2a215"},"headline":"Prokuratura chce przes\u0142ucha\u0107 prezydenta Karola Nawrockiego. W tle sprawa Muzeum II W\u015a","datePublished":"2026-03-10T18:32:23+00:00","mainEntityOfPage":{"@id":"https:\/\/kanalpolityczny.tv\/index.php\/2026\/03\/10\/prokuratura-chce-przesluchac-prezydenta-karola-nawrockiego-w-tle-sprawa-muzeum-ii-ws\/"},"wordCount":475,"commentCount":0,"publisher":{"@id":"https:\/\/kanalpolityczny.tv\/#organization"},"image":{"@id":"https:\/\/kanalpolityczny.tv\/index.php\/2026\/03\/10\/prokuratura-chce-przesluchac-prezydenta-karola-nawrockiego-w-tle-sprawa-muzeum-ii-ws\/#primaryimage"},"thumbnailUrl":"https:\/\/kanalpolityczny.tv\/wp-content\/uploads\/2025\/09\/karol_nawrocki-4.jpg","articleSection":["Kraj"],"inLanguage":"pl-PL","potentialAction":[{"@type":"CommentAction","name":"Comment","target":["https:\/\/kanalpolityczny.tv\/index.php\/2026\/03\/10\/prokuratura-chce-przesluchac-prezydenta-karola-nawrockiego-w-tle-sprawa-muzeum-ii-ws\/#respond"]}]},{"@type":"WebPage","@id":"https:\/\/kanalpolityczny.tv\/index.php\/2026\/03\/10\/prokuratura-chce-przesluchac-prezydenta-karola-nawrockiego-w-tle-sprawa-muzeum-ii-ws\/","url":"https:\/\/kanalpolityczny.tv\/index.php\/2026\/03\/10\/prokuratura-chce-przesluchac-prezydenta-karola-nawrockiego-w-tle-sprawa-muzeum-ii-ws\/","name":"Prokuratura chce przes\u0142ucha\u0107 prezydenta Karola Nawrockiego. W tle sprawa Muzeum II W\u015a - Kana\u0142Polityczny.TV","isPartOf":{"@id":"https:\/\/kanalpolityczny.tv\/#website"},"primaryImageOfPage":{"@id":"https:\/\/kanalpolityczny.tv\/index.php\/2026\/03\/10\/prokuratura-chce-przesluchac-prezydenta-karola-nawrockiego-w-tle-sprawa-muzeum-ii-ws\/#primaryimage"},"image":{"@id":"https:\/\/kanalpolityczny.tv\/index.php\/2026\/03\/10\/prokuratura-chce-przesluchac-prezydenta-karola-nawrockiego-w-tle-sprawa-muzeum-ii-ws\/#primaryimage"},"thumbnailUrl":"https:\/\/kanalpolityczny.tv\/wp-content\/uploads\/2025\/09\/karol_nawrocki-4.jpg","datePublished":"2026-03-10T18:32:23+00:00","breadcrumb":{"@id":"https:\/\/kanalpolityczny.tv\/index.php\/2026\/03\/10\/prokuratura-chce-przesluchac-prezydenta-karola-nawrockiego-w-tle-sprawa-muzeum-ii-ws\/#breadcrumb"},"inLanguage":"pl-PL","potentialAction":[{"@type":"ReadAction","target":["https:\/\/kanalpolityczny.tv\/index.php\/2026\/03\/10\/prokuratura-chce-przesluchac-prezydenta-karola-nawrockiego-w-tle-sprawa-muzeum-ii-ws\/"]}]},{"@type":"ImageObject","inLanguage":"pl-PL","@id":"https:\/\/kanalpolityczny.tv\/index.php\/2026\/03\/10\/prokuratura-chce-przesluchac-prezydenta-karola-nawrockiego-w-tle-sprawa-muzeum-ii-ws\/#primaryimage","url":"https:\/\/kanalpolityczny.tv\/wp-content\/uploads\/2025\/09\/karol_nawrocki-4.jpg","contentUrl":"https:\/\/kanalpolityczny.tv\/wp-content\/uploads\/2025\/09\/karol_nawrocki-4.jpg","width":1280,"height":720},{"@type":"BreadcrumbList","@id":"https:\/\/kanalpolityczny.tv\/index.php\/2026\/03\/10\/prokuratura-chce-przesluchac-prezydenta-karola-nawrockiego-w-tle-sprawa-muzeum-ii-ws\/#breadcrumb","itemListElement":[{"@type":"ListItem","position":1,"name":"Strona g\u0142\u00f3wna","item":"https:\/\/kanalpolityczny.tv\/"},{"@type":"ListItem","position":2,"name":"Prokuratura chce przes\u0142ucha\u0107 prezydenta Karola Nawrockiego. W tle sprawa Muzeum II W\u015a"}]},{"@type":"WebSite","@id":"https:\/\/kanalpolityczny.tv\/#website","url":"https:\/\/kanalpolityczny.tv\/","name":"Kana\u0142Polityczny.TV","description":"","publisher":{"@id":"https:\/\/kanalpolityczny.tv\/#organization"},"potentialAction":[{"@type":"SearchAction","target":{"@type":"EntryPoint","urlTemplate":"https:\/\/kanalpolityczny.tv\/?s={search_term_string}"},"query-input":{"@type":"PropertyValueSpecification","valueRequired":true,"valueName":"search_term_string"}}],"inLanguage":"pl-PL"},{"@type":"Organization","@id":"https:\/\/kanalpolityczny.tv\/#organization","name":"Kana\u0142Polityczny.TV","url":"https:\/\/kanalpolityczny.tv\/","logo":{"@type":"ImageObject","inLanguage":"pl-PL","@id":"https:\/\/kanalpolityczny.tv\/#\/schema\/logo\/image\/","url":"https:\/\/kanalpolityczny.tv\/wp-content\/uploads\/2025\/07\/cropped-Bez-nazwy-2.png","contentUrl":"https:\/\/kanalpolityczny.tv\/wp-content\/uploads\/2025\/07\/cropped-Bez-nazwy-2.png","width":526,"height":174,"caption":"Kana\u0142Polityczny.TV"},"image":{"@id":"https:\/\/kanalpolityczny.tv\/#\/schema\/logo\/image\/"}},{"@type":"Person","@id":"https:\/\/kanalpolityczny.tv\/#\/schema\/person\/fc214b6f7f453d60dbd2f73586a2a215","name":"Judyta Jankowska","image":{"@type":"ImageObject","inLanguage":"pl-PL","@id":"https:\/\/kanalpolityczny.tv\/wp-content\/uploads\/2025\/07\/cropped-gpt-image-1_wygeneruj_fotorealis-96x96.png","url":"https:\/\/kanalpolityczny.tv\/wp-content\/uploads\/2025\/07\/cropped-gpt-image-1_wygeneruj_fotorealis-96x96.png","contentUrl":"https:\/\/kanalpolityczny.tv\/wp-content\/uploads\/2025\/07\/cropped-gpt-image-1_wygeneruj_fotorealis-96x96.png","caption":"Judyta Jankowska"},"description":"29-letnia dziennikarka specjalizuj\u0105ca si\u0119 w tematyce spo\u0142ecznej i reporta\u017cu \u015bledczym. Od sze\u015bciu lat zwi\u0105zana z mediami \u2013 pracowa\u0142a m.in. w redakcjach og\u00f3lnopolskich portali informacyjnych i magazyn\u00f3w. Znana z dociekliwo\u015bci i umiej\u0119tno\u015bci budowania relacji z rozm\u00f3wcami. Jej pasj\u0105 s\u0105 podr\u00f3\u017ce po mniej znanych zak\u0105tkach Polski, fotografia analogowa oraz bieganie w maratonach miejskich. W wolnych chwilach prowadzi bloga o lokalnych inicjatywach spo\u0142ecznych.","sameAs":["https:\/\/kanalpolityczny.tv"],"url":"https:\/\/kanalpolityczny.tv\/index.php\/author\/admin3340\/"}]}},"_links":{"self":[{"href":"https:\/\/kanalpolityczny.tv\/index.php\/wp-json\/wp\/v2\/posts\/1180","targetHints":{"allow":["GET"]}}],"collection":[{"href":"https:\/\/kanalpolityczny.tv\/index.php\/wp-json\/wp\/v2\/posts"}],"about":[{"href":"https:\/\/kanalpolityczny.tv\/index.php\/wp-json\/wp\/v2\/types\/post"}],"author":[{"embeddable":true,"href":"https:\/\/kanalpolityczny.tv\/index.php\/wp-json\/wp\/v2\/users\/1"}],"replies":[{"embeddable":true,"href":"https:\/\/kanalpolityczny.tv\/index.php\/wp-json\/wp\/v2\/comments?post=1180"}],"version-history":[{"count":1,"href":"https:\/\/kanalpolityczny.tv\/index.php\/wp-json\/wp\/v2\/posts\/1180\/revisions"}],"predecessor-version":[{"id":1181,"href":"https:\/\/kanalpolityczny.tv\/index.php\/wp-json\/wp\/v2\/posts\/1180\/revisions\/1181"}],"wp:featuredmedia":[{"embeddable":true,"href":"https:\/\/kanalpolityczny.tv\/index.php\/wp-json\/wp\/v2\/media\/740"}],"wp:attachment":[{"href":"https:\/\/kanalpolityczny.tv\/index.php\/wp-json\/wp\/v2\/media?parent=1180"}],"wp:term":[{"taxonomy":"category","embeddable":true,"href":"https:\/\/kanalpolityczny.tv\/index.php\/wp-json\/wp\/v2\/categories?post=1180"},{"taxonomy":"post_tag","embeddable":true,"href":"https:\/\/kanalpolityczny.tv\/index.php\/wp-json\/wp\/v2\/tags?post=1180"}],"curies":[{"name":"wp","href":"https:\/\/api.w.org\/{rel}","templated":true}]}}