{"id":1177,"date":"2026-03-10T17:22:03","date_gmt":"2026-03-10T16:22:03","guid":{"rendered":"https:\/\/kanalpolityczny.tv\/?p=1177"},"modified":"2026-03-10T17:22:11","modified_gmt":"2026-03-10T16:22:11","slug":"tusk-wsciekly-po-spotkaniu-z-nawrockim-ws-polski-safe-0-nie-ma-zadnych-pieniedzy","status":"publish","type":"post","link":"https:\/\/kanalpolityczny.tv\/index.php\/2026\/03\/10\/tusk-wsciekly-po-spotkaniu-z-nawrockim-ws-polski-safe-0-nie-ma-zadnych-pieniedzy\/","title":{"rendered":"Tusk w\u015bciek\u0142y po spotkaniu z Nawrockim ws. &#8222;Polski SAFE 0%&#8221;. &#8222;Nie ma \u017cadnych pieni\u0119dzy&#8221;"},"content":{"rendered":"<h2><strong>Premier Donald Tusk wyszed\u0142 z Pa\u0142acu Prezydenckiego w\u015bciek\u0142y i rozczarowany. Po dwugodzinnym spotkaniu z prezydentem Karolem Nawrockim, prezesem NBP Adamem Glapi\u0144skim i wicepremierem W\u0142adys\u0142awem Kosiniakiem-Kamyszem stwierdzi\u0142 wprost: \u201eMia\u0142em nadziej\u0119 na jednoznaczn\u0105 decyzj\u0119. Nie otrzyma\u0142em jej. Jestem rozczarowany\u201d.<\/strong><\/h2>\n<hr \/>\n<p>Najwa\u017cniejsze cytaty premiera:<\/p>\n<ul>\n<li><strong>\u201eGenera\u0142owie nie ukrywali, \u017ce liczy si\u0119 ju\u017c nie tylko ka\u017cdy tydzie\u0144, a nawet ka\u017cdy dzie\u0144. Ka\u017cda godzina ma znaczenie.\u201d<\/strong><\/li>\n<li><strong>\u201eW tej chwili nie mamy \u017cadnych pieni\u0119dzy. Mamy s\u0142owa. Mamy projekt ustawy. W tym projekcie nie ma pieni\u0119dzy. Jest nowa rada, nowa biurokracja, dziesi\u0105tki niepotrzebnych przepis\u00f3w.\u201d<\/strong><\/li>\n<li><strong>\u201ePi\u0119\u0107 razy pyta\u0142em: jest zysk \u2013 wp\u0142a\u0107 do bud\u017cetu pa\u0144stwa. Nie ma zysku? Nie kuglujcie i nie blokujcie programu SAFE, gdzie s\u0105 realne pieni\u0105dze.\u201d<\/strong><\/li>\n<li><strong>\u201eUwa\u017cam, \u017ce na razie mamy do czynienia ze zwyk\u0142\u0105 polityczn\u0105 gr\u0105. Zablokowa\u0107 Tuskowi co si\u0119 da i poudawa\u0107, \u017ce ma si\u0119 alternatywny program \u2013 a to nieprawda.\u201d<\/strong><\/li>\n<\/ul>\n<hr \/>\n<p>Premier zapowiedzia\u0142 tak\u017ce, \u017ce\u00a0<strong>jutrzejsze posiedzenie Sejmu nie zajmie si\u0119 prezydenckim projektem \u201ePolski SAFE 0 proc.\u201d<\/strong>.<br \/>\n\u2013 B\u0119dziemy analizowa\u0107 i dopytywa\u0107 przede wszystkim o pieni\u0105dze \u2013 powiedzia\u0142.<\/p>\n<p>Tusk potwierdzi\u0142, \u017ce prezydent Karol Nawrocki nadal nie podj\u0105\u0142 decyzji w sprawie podpisania ustawy o unijnym programie SAFE i powtarza\u0142, \u017ce \u201ema jeszcze czas\u201d. Premier uzna\u0142 to za kolejne odk\u0142adanie kluczowej dla bezpiecze\u0144stwa Polski decyzji.<\/p>\n<p>W spotkaniu uczestniczyli tak\u017ce W\u0142adys\u0142aw Kosiniak-Kamysz i Adam Glapi\u0144ski. Prezes NBP nie wypowiada\u0142 si\u0119 publicznie po rozmowie.<\/p>\n<p>Wcze\u015bniej Kancelaria Prezydenta skierowa\u0142a do Sejmu w\u0142asny projekt ustawy o Polskim Funduszu Inwestycji Obronnych, kt\u00f3ry ma realizowa\u0107 koncepcj\u0119 \u201eSAFE 0 proc.\u201d bez zad\u0142u\u017cania si\u0119 w Brukseli.<\/p>\n<p>Premier Donald Tusk nie zostawia suchej nitki na tej inicjatywie i traktuje j\u0105 jako pr\u00f3b\u0119 blokowania realnych, dost\u0119pnych ju\u017c \u015brodk\u00f3w z UE.<\/p>\n","protected":false},"excerpt":{"rendered":"<p>Premier Donald Tusk wyszed\u0142 z Pa\u0142acu Prezydenckiego w\u015bciek\u0142y i rozczarowany. Po dwugodzinnym spotkaniu z prezydentem Karolem Nawrockim, prezesem NBP Adamem Glapi\u0144skim i wicepremierem W\u0142adys\u0142awem Kosiniakiem-Kamyszem stwierdzi\u0142 wprost: \u201eMia\u0142em nadziej\u0119 na jednoznaczn\u0105 decyzj\u0119. Nie otrzyma\u0142em jej. Jestem rozczarowany\u201d. Najwa\u017cniejsze cytaty premiera: \u201eGenera\u0142owie nie ukrywali, \u017ce liczy si\u0119 ju\u017c nie tylko ka\u017cdy tydzie\u0144, a nawet ka\u017cdy dzie\u0144. [&hellip;]<\/p>\n","protected":false},"author":1,"featured_media":1164,"comment_status":"open","ping_status":"open","sticky":false,"template":"","format":"standard","meta":{"googlesitekit_rrm_CAowqI3HCw:productID":"","footnotes":""},"categories":[52],"tags":[],"class_list":["post-1177","post","type-post","status-publish","format-standard","has-post-thumbnail","hentry","category-kraj"],"yoast_head":"<!-- This site is optimized with the Yoast SEO plugin v27.5 - https:\/\/yoast.com\/product\/yoast-seo-wordpress\/ -->\n<title>Tusk w\u015bciek\u0142y po spotkaniu z Nawrockim ws. &quot;Polski SAFE 0%&quot;. &quot;Nie ma \u017cadnych pieni\u0119dzy&quot; - Kana\u0142Polityczny.TV<\/title>\n<meta name=\"robots\" content=\"index, follow, max-snippet:-1, max-image-preview:large, max-video-preview:-1\" \/>\n<link rel=\"canonical\" href=\"https:\/\/kanalpolityczny.tv\/index.php\/2026\/03\/10\/tusk-wsciekly-po-spotkaniu-z-nawrockim-ws-polski-safe-0-nie-ma-zadnych-pieniedzy\/\" \/>\n<meta property=\"og:locale\" content=\"pl_PL\" \/>\n<meta property=\"og:type\" content=\"article\" \/>\n<meta property=\"og:title\" content=\"Tusk w\u015bciek\u0142y po spotkaniu z Nawrockim ws. &quot;Polski SAFE 0%&quot;. &quot;Nie ma \u017cadnych pieni\u0119dzy&quot; - Kana\u0142Polityczny.TV\" \/>\n<meta property=\"og:description\" content=\"Premier Donald Tusk wyszed\u0142 z Pa\u0142acu Prezydenckiego w\u015bciek\u0142y i rozczarowany. Po dwugodzinnym spotkaniu z prezydentem Karolem Nawrockim, prezesem NBP Adamem Glapi\u0144skim i wicepremierem W\u0142adys\u0142awem Kosiniakiem-Kamyszem stwierdzi\u0142 wprost: \u201eMia\u0142em nadziej\u0119 na jednoznaczn\u0105 decyzj\u0119. Nie otrzyma\u0142em jej. Jestem rozczarowany\u201d. Najwa\u017cniejsze cytaty premiera: \u201eGenera\u0142owie nie ukrywali, \u017ce liczy si\u0119 ju\u017c nie tylko ka\u017cdy tydzie\u0144, a nawet ka\u017cdy dzie\u0144. [&hellip;]\" \/>\n<meta property=\"og:url\" content=\"https:\/\/kanalpolityczny.tv\/index.php\/2026\/03\/10\/tusk-wsciekly-po-spotkaniu-z-nawrockim-ws-polski-safe-0-nie-ma-zadnych-pieniedzy\/\" \/>\n<meta property=\"og:site_name\" content=\"Kana\u0142Polityczny.TV\" \/>\n<meta property=\"article:published_time\" content=\"2026-03-10T16:22:03+00:00\" \/>\n<meta property=\"article:modified_time\" content=\"2026-03-10T16:22:11+00:00\" \/>\n<meta property=\"og:image\" content=\"https:\/\/kanalpolityczny.tv\/wp-content\/uploads\/2026\/03\/donald_tusk.jpg\" \/>\n\t<meta property=\"og:image:width\" content=\"1280\" \/>\n\t<meta property=\"og:image:height\" content=\"720\" \/>\n\t<meta property=\"og:image:type\" content=\"image\/jpeg\" \/>\n<meta name=\"author\" content=\"Judyta Jankowska\" \/>\n<meta name=\"twitter:card\" content=\"summary_large_image\" \/>\n<meta name=\"twitter:label1\" content=\"Napisane przez\" \/>\n\t<meta name=\"twitter:data1\" content=\"Judyta Jankowska\" \/>\n\t<meta name=\"twitter:label2\" content=\"Szacowany czas czytania\" \/>\n\t<meta name=\"twitter:data2\" content=\"2 minuty\" \/>\n<script type=\"application\/ld+json\" class=\"yoast-schema-graph\">{\"@context\":\"https:\\\/\\\/schema.org\",\"@graph\":[{\"@type\":\"Article\",\"@id\":\"https:\\\/\\\/kanalpolityczny.tv\\\/index.php\\\/2026\\\/03\\\/10\\\/tusk-wsciekly-po-spotkaniu-z-nawrockim-ws-polski-safe-0-nie-ma-zadnych-pieniedzy\\\/#article\",\"isPartOf\":{\"@id\":\"https:\\\/\\\/kanalpolityczny.tv\\\/index.php\\\/2026\\\/03\\\/10\\\/tusk-wsciekly-po-spotkaniu-z-nawrockim-ws-polski-safe-0-nie-ma-zadnych-pieniedzy\\\/\"},\"author\":{\"name\":\"Judyta Jankowska\",\"@id\":\"https:\\\/\\\/kanalpolityczny.tv\\\/#\\\/schema\\\/person\\\/fc214b6f7f453d60dbd2f73586a2a215\"},\"headline\":\"Tusk w\u015bciek\u0142y po spotkaniu z Nawrockim ws. &#8222;Polski SAFE 0%&#8221;. &#8222;Nie ma \u017cadnych pieni\u0119dzy&#8221;\",\"datePublished\":\"2026-03-10T16:22:03+00:00\",\"dateModified\":\"2026-03-10T16:22:11+00:00\",\"mainEntityOfPage\":{\"@id\":\"https:\\\/\\\/kanalpolityczny.tv\\\/index.php\\\/2026\\\/03\\\/10\\\/tusk-wsciekly-po-spotkaniu-z-nawrockim-ws-polski-safe-0-nie-ma-zadnych-pieniedzy\\\/\"},\"wordCount\":315,\"commentCount\":0,\"publisher\":{\"@id\":\"https:\\\/\\\/kanalpolityczny.tv\\\/#organization\"},\"image\":{\"@id\":\"https:\\\/\\\/kanalpolityczny.tv\\\/index.php\\\/2026\\\/03\\\/10\\\/tusk-wsciekly-po-spotkaniu-z-nawrockim-ws-polski-safe-0-nie-ma-zadnych-pieniedzy\\\/#primaryimage\"},\"thumbnailUrl\":\"https:\\\/\\\/kanalpolityczny.tv\\\/wp-content\\\/uploads\\\/2026\\\/03\\\/donald_tusk.jpg\",\"articleSection\":[\"Kraj\"],\"inLanguage\":\"pl-PL\",\"potentialAction\":[{\"@type\":\"CommentAction\",\"name\":\"Comment\",\"target\":[\"https:\\\/\\\/kanalpolityczny.tv\\\/index.php\\\/2026\\\/03\\\/10\\\/tusk-wsciekly-po-spotkaniu-z-nawrockim-ws-polski-safe-0-nie-ma-zadnych-pieniedzy\\\/#respond\"]}]},{\"@type\":\"WebPage\",\"@id\":\"https:\\\/\\\/kanalpolityczny.tv\\\/index.php\\\/2026\\\/03\\\/10\\\/tusk-wsciekly-po-spotkaniu-z-nawrockim-ws-polski-safe-0-nie-ma-zadnych-pieniedzy\\\/\",\"url\":\"https:\\\/\\\/kanalpolityczny.tv\\\/index.php\\\/2026\\\/03\\\/10\\\/tusk-wsciekly-po-spotkaniu-z-nawrockim-ws-polski-safe-0-nie-ma-zadnych-pieniedzy\\\/\",\"name\":\"Tusk w\u015bciek\u0142y po spotkaniu z Nawrockim ws. \\\"Polski SAFE 0%\\\". \\\"Nie ma \u017cadnych pieni\u0119dzy\\\" - Kana\u0142Polityczny.TV\",\"isPartOf\":{\"@id\":\"https:\\\/\\\/kanalpolityczny.tv\\\/#website\"},\"primaryImageOfPage\":{\"@id\":\"https:\\\/\\\/kanalpolityczny.tv\\\/index.php\\\/2026\\\/03\\\/10\\\/tusk-wsciekly-po-spotkaniu-z-nawrockim-ws-polski-safe-0-nie-ma-zadnych-pieniedzy\\\/#primaryimage\"},\"image\":{\"@id\":\"https:\\\/\\\/kanalpolityczny.tv\\\/index.php\\\/2026\\\/03\\\/10\\\/tusk-wsciekly-po-spotkaniu-z-nawrockim-ws-polski-safe-0-nie-ma-zadnych-pieniedzy\\\/#primaryimage\"},\"thumbnailUrl\":\"https:\\\/\\\/kanalpolityczny.tv\\\/wp-content\\\/uploads\\\/2026\\\/03\\\/donald_tusk.jpg\",\"datePublished\":\"2026-03-10T16:22:03+00:00\",\"dateModified\":\"2026-03-10T16:22:11+00:00\",\"breadcrumb\":{\"@id\":\"https:\\\/\\\/kanalpolityczny.tv\\\/index.php\\\/2026\\\/03\\\/10\\\/tusk-wsciekly-po-spotkaniu-z-nawrockim-ws-polski-safe-0-nie-ma-zadnych-pieniedzy\\\/#breadcrumb\"},\"inLanguage\":\"pl-PL\",\"potentialAction\":[{\"@type\":\"ReadAction\",\"target\":[\"https:\\\/\\\/kanalpolityczny.tv\\\/index.php\\\/2026\\\/03\\\/10\\\/tusk-wsciekly-po-spotkaniu-z-nawrockim-ws-polski-safe-0-nie-ma-zadnych-pieniedzy\\\/\"]}]},{\"@type\":\"ImageObject\",\"inLanguage\":\"pl-PL\",\"@id\":\"https:\\\/\\\/kanalpolityczny.tv\\\/index.php\\\/2026\\\/03\\\/10\\\/tusk-wsciekly-po-spotkaniu-z-nawrockim-ws-polski-safe-0-nie-ma-zadnych-pieniedzy\\\/#primaryimage\",\"url\":\"https:\\\/\\\/kanalpolityczny.tv\\\/wp-content\\\/uploads\\\/2026\\\/03\\\/donald_tusk.jpg\",\"contentUrl\":\"https:\\\/\\\/kanalpolityczny.tv\\\/wp-content\\\/uploads\\\/2026\\\/03\\\/donald_tusk.jpg\",\"width\":1280,\"height\":720},{\"@type\":\"BreadcrumbList\",\"@id\":\"https:\\\/\\\/kanalpolityczny.tv\\\/index.php\\\/2026\\\/03\\\/10\\\/tusk-wsciekly-po-spotkaniu-z-nawrockim-ws-polski-safe-0-nie-ma-zadnych-pieniedzy\\\/#breadcrumb\",\"itemListElement\":[{\"@type\":\"ListItem\",\"position\":1,\"name\":\"Strona g\u0142\u00f3wna\",\"item\":\"https:\\\/\\\/kanalpolityczny.tv\\\/\"},{\"@type\":\"ListItem\",\"position\":2,\"name\":\"Tusk w\u015bciek\u0142y po spotkaniu z Nawrockim ws. &#8222;Polski SAFE 0%&#8221;. &#8222;Nie ma \u017cadnych pieni\u0119dzy&#8221;\"}]},{\"@type\":\"WebSite\",\"@id\":\"https:\\\/\\\/kanalpolityczny.tv\\\/#website\",\"url\":\"https:\\\/\\\/kanalpolityczny.tv\\\/\",\"name\":\"Kana\u0142Polityczny.TV\",\"description\":\"\",\"publisher\":{\"@id\":\"https:\\\/\\\/kanalpolityczny.tv\\\/#organization\"},\"potentialAction\":[{\"@type\":\"SearchAction\",\"target\":{\"@type\":\"EntryPoint\",\"urlTemplate\":\"https:\\\/\\\/kanalpolityczny.tv\\\/?s={search_term_string}\"},\"query-input\":{\"@type\":\"PropertyValueSpecification\",\"valueRequired\":true,\"valueName\":\"search_term_string\"}}],\"inLanguage\":\"pl-PL\"},{\"@type\":\"Organization\",\"@id\":\"https:\\\/\\\/kanalpolityczny.tv\\\/#organization\",\"name\":\"Kana\u0142Polityczny.TV\",\"url\":\"https:\\\/\\\/kanalpolityczny.tv\\\/\",\"logo\":{\"@type\":\"ImageObject\",\"inLanguage\":\"pl-PL\",\"@id\":\"https:\\\/\\\/kanalpolityczny.tv\\\/#\\\/schema\\\/logo\\\/image\\\/\",\"url\":\"https:\\\/\\\/kanalpolityczny.tv\\\/wp-content\\\/uploads\\\/2025\\\/07\\\/cropped-Bez-nazwy-2.png\",\"contentUrl\":\"https:\\\/\\\/kanalpolityczny.tv\\\/wp-content\\\/uploads\\\/2025\\\/07\\\/cropped-Bez-nazwy-2.png\",\"width\":526,\"height\":174,\"caption\":\"Kana\u0142Polityczny.TV\"},\"image\":{\"@id\":\"https:\\\/\\\/kanalpolityczny.tv\\\/#\\\/schema\\\/logo\\\/image\\\/\"}},{\"@type\":\"Person\",\"@id\":\"https:\\\/\\\/kanalpolityczny.tv\\\/#\\\/schema\\\/person\\\/fc214b6f7f453d60dbd2f73586a2a215\",\"name\":\"Judyta Jankowska\",\"image\":{\"@type\":\"ImageObject\",\"inLanguage\":\"pl-PL\",\"@id\":\"http:\\\/\\\/kanalpolityczny.tv\\\/wp-content\\\/uploads\\\/2025\\\/07\\\/cropped-gpt-image-1_wygeneruj_fotorealis-96x96.png\",\"url\":\"http:\\\/\\\/kanalpolityczny.tv\\\/wp-content\\\/uploads\\\/2025\\\/07\\\/cropped-gpt-image-1_wygeneruj_fotorealis-96x96.png\",\"contentUrl\":\"http:\\\/\\\/kanalpolityczny.tv\\\/wp-content\\\/uploads\\\/2025\\\/07\\\/cropped-gpt-image-1_wygeneruj_fotorealis-96x96.png\",\"caption\":\"Judyta Jankowska\"},\"description\":\"29-letnia dziennikarka specjalizuj\u0105ca si\u0119 w tematyce spo\u0142ecznej i reporta\u017cu \u015bledczym. Od sze\u015bciu lat zwi\u0105zana z mediami \u2013 pracowa\u0142a m.in. w redakcjach og\u00f3lnopolskich portali informacyjnych i magazyn\u00f3w. Znana z dociekliwo\u015bci i umiej\u0119tno\u015bci budowania relacji z rozm\u00f3wcami. Jej pasj\u0105 s\u0105 podr\u00f3\u017ce po mniej znanych zak\u0105tkach Polski, fotografia analogowa oraz bieganie w maratonach miejskich. W wolnych chwilach prowadzi bloga o lokalnych inicjatywach spo\u0142ecznych.\",\"sameAs\":[\"http:\\\/\\\/kanalpolityczny.tv\"],\"url\":\"https:\\\/\\\/kanalpolityczny.tv\\\/index.php\\\/author\\\/admin3340\\\/\"}]}<\/script>\n<!-- \/ Yoast SEO plugin. -->","yoast_head_json":{"title":"Tusk w\u015bciek\u0142y po spotkaniu z Nawrockim ws. \"Polski SAFE 0%\". \"Nie ma \u017cadnych pieni\u0119dzy\" - Kana\u0142Polityczny.TV","robots":{"index":"index","follow":"follow","max-snippet":"max-snippet:-1","max-image-preview":"max-image-preview:large","max-video-preview":"max-video-preview:-1"},"canonical":"https:\/\/kanalpolityczny.tv\/index.php\/2026\/03\/10\/tusk-wsciekly-po-spotkaniu-z-nawrockim-ws-polski-safe-0-nie-ma-zadnych-pieniedzy\/","og_locale":"pl_PL","og_type":"article","og_title":"Tusk w\u015bciek\u0142y po spotkaniu z Nawrockim ws. \"Polski SAFE 0%\". \"Nie ma \u017cadnych pieni\u0119dzy\" - Kana\u0142Polityczny.TV","og_description":"Premier Donald Tusk wyszed\u0142 z Pa\u0142acu Prezydenckiego w\u015bciek\u0142y i rozczarowany. Po dwugodzinnym spotkaniu z prezydentem Karolem Nawrockim, prezesem NBP Adamem Glapi\u0144skim i wicepremierem W\u0142adys\u0142awem Kosiniakiem-Kamyszem stwierdzi\u0142 wprost: \u201eMia\u0142em nadziej\u0119 na jednoznaczn\u0105 decyzj\u0119. Nie otrzyma\u0142em jej. Jestem rozczarowany\u201d. Najwa\u017cniejsze cytaty premiera: \u201eGenera\u0142owie nie ukrywali, \u017ce liczy si\u0119 ju\u017c nie tylko ka\u017cdy tydzie\u0144, a nawet ka\u017cdy dzie\u0144. [&hellip;]","og_url":"https:\/\/kanalpolityczny.tv\/index.php\/2026\/03\/10\/tusk-wsciekly-po-spotkaniu-z-nawrockim-ws-polski-safe-0-nie-ma-zadnych-pieniedzy\/","og_site_name":"Kana\u0142Polityczny.TV","article_published_time":"2026-03-10T16:22:03+00:00","article_modified_time":"2026-03-10T16:22:11+00:00","og_image":[{"width":1280,"height":720,"url":"https:\/\/kanalpolityczny.tv\/wp-content\/uploads\/2026\/03\/donald_tusk.jpg","type":"image\/jpeg"}],"author":"Judyta Jankowska","twitter_card":"summary_large_image","twitter_misc":{"Napisane przez":"Judyta Jankowska","Szacowany czas czytania":"2 minuty"},"schema":{"@context":"https:\/\/schema.org","@graph":[{"@type":"Article","@id":"https:\/\/kanalpolityczny.tv\/index.php\/2026\/03\/10\/tusk-wsciekly-po-spotkaniu-z-nawrockim-ws-polski-safe-0-nie-ma-zadnych-pieniedzy\/#article","isPartOf":{"@id":"https:\/\/kanalpolityczny.tv\/index.php\/2026\/03\/10\/tusk-wsciekly-po-spotkaniu-z-nawrockim-ws-polski-safe-0-nie-ma-zadnych-pieniedzy\/"},"author":{"name":"Judyta Jankowska","@id":"https:\/\/kanalpolityczny.tv\/#\/schema\/person\/fc214b6f7f453d60dbd2f73586a2a215"},"headline":"Tusk w\u015bciek\u0142y po spotkaniu z Nawrockim ws. &#8222;Polski SAFE 0%&#8221;. &#8222;Nie ma \u017cadnych pieni\u0119dzy&#8221;","datePublished":"2026-03-10T16:22:03+00:00","dateModified":"2026-03-10T16:22:11+00:00","mainEntityOfPage":{"@id":"https:\/\/kanalpolityczny.tv\/index.php\/2026\/03\/10\/tusk-wsciekly-po-spotkaniu-z-nawrockim-ws-polski-safe-0-nie-ma-zadnych-pieniedzy\/"},"wordCount":315,"commentCount":0,"publisher":{"@id":"https:\/\/kanalpolityczny.tv\/#organization"},"image":{"@id":"https:\/\/kanalpolityczny.tv\/index.php\/2026\/03\/10\/tusk-wsciekly-po-spotkaniu-z-nawrockim-ws-polski-safe-0-nie-ma-zadnych-pieniedzy\/#primaryimage"},"thumbnailUrl":"https:\/\/kanalpolityczny.tv\/wp-content\/uploads\/2026\/03\/donald_tusk.jpg","articleSection":["Kraj"],"inLanguage":"pl-PL","potentialAction":[{"@type":"CommentAction","name":"Comment","target":["https:\/\/kanalpolityczny.tv\/index.php\/2026\/03\/10\/tusk-wsciekly-po-spotkaniu-z-nawrockim-ws-polski-safe-0-nie-ma-zadnych-pieniedzy\/#respond"]}]},{"@type":"WebPage","@id":"https:\/\/kanalpolityczny.tv\/index.php\/2026\/03\/10\/tusk-wsciekly-po-spotkaniu-z-nawrockim-ws-polski-safe-0-nie-ma-zadnych-pieniedzy\/","url":"https:\/\/kanalpolityczny.tv\/index.php\/2026\/03\/10\/tusk-wsciekly-po-spotkaniu-z-nawrockim-ws-polski-safe-0-nie-ma-zadnych-pieniedzy\/","name":"Tusk w\u015bciek\u0142y po spotkaniu z Nawrockim ws. \"Polski SAFE 0%\". \"Nie ma \u017cadnych pieni\u0119dzy\" - Kana\u0142Polityczny.TV","isPartOf":{"@id":"https:\/\/kanalpolityczny.tv\/#website"},"primaryImageOfPage":{"@id":"https:\/\/kanalpolityczny.tv\/index.php\/2026\/03\/10\/tusk-wsciekly-po-spotkaniu-z-nawrockim-ws-polski-safe-0-nie-ma-zadnych-pieniedzy\/#primaryimage"},"image":{"@id":"https:\/\/kanalpolityczny.tv\/index.php\/2026\/03\/10\/tusk-wsciekly-po-spotkaniu-z-nawrockim-ws-polski-safe-0-nie-ma-zadnych-pieniedzy\/#primaryimage"},"thumbnailUrl":"https:\/\/kanalpolityczny.tv\/wp-content\/uploads\/2026\/03\/donald_tusk.jpg","datePublished":"2026-03-10T16:22:03+00:00","dateModified":"2026-03-10T16:22:11+00:00","breadcrumb":{"@id":"https:\/\/kanalpolityczny.tv\/index.php\/2026\/03\/10\/tusk-wsciekly-po-spotkaniu-z-nawrockim-ws-polski-safe-0-nie-ma-zadnych-pieniedzy\/#breadcrumb"},"inLanguage":"pl-PL","potentialAction":[{"@type":"ReadAction","target":["https:\/\/kanalpolityczny.tv\/index.php\/2026\/03\/10\/tusk-wsciekly-po-spotkaniu-z-nawrockim-ws-polski-safe-0-nie-ma-zadnych-pieniedzy\/"]}]},{"@type":"ImageObject","inLanguage":"pl-PL","@id":"https:\/\/kanalpolityczny.tv\/index.php\/2026\/03\/10\/tusk-wsciekly-po-spotkaniu-z-nawrockim-ws-polski-safe-0-nie-ma-zadnych-pieniedzy\/#primaryimage","url":"https:\/\/kanalpolityczny.tv\/wp-content\/uploads\/2026\/03\/donald_tusk.jpg","contentUrl":"https:\/\/kanalpolityczny.tv\/wp-content\/uploads\/2026\/03\/donald_tusk.jpg","width":1280,"height":720},{"@type":"BreadcrumbList","@id":"https:\/\/kanalpolityczny.tv\/index.php\/2026\/03\/10\/tusk-wsciekly-po-spotkaniu-z-nawrockim-ws-polski-safe-0-nie-ma-zadnych-pieniedzy\/#breadcrumb","itemListElement":[{"@type":"ListItem","position":1,"name":"Strona g\u0142\u00f3wna","item":"https:\/\/kanalpolityczny.tv\/"},{"@type":"ListItem","position":2,"name":"Tusk w\u015bciek\u0142y po spotkaniu z Nawrockim ws. &#8222;Polski SAFE 0%&#8221;. &#8222;Nie ma \u017cadnych pieni\u0119dzy&#8221;"}]},{"@type":"WebSite","@id":"https:\/\/kanalpolityczny.tv\/#website","url":"https:\/\/kanalpolityczny.tv\/","name":"Kana\u0142Polityczny.TV","description":"","publisher":{"@id":"https:\/\/kanalpolityczny.tv\/#organization"},"potentialAction":[{"@type":"SearchAction","target":{"@type":"EntryPoint","urlTemplate":"https:\/\/kanalpolityczny.tv\/?s={search_term_string}"},"query-input":{"@type":"PropertyValueSpecification","valueRequired":true,"valueName":"search_term_string"}}],"inLanguage":"pl-PL"},{"@type":"Organization","@id":"https:\/\/kanalpolityczny.tv\/#organization","name":"Kana\u0142Polityczny.TV","url":"https:\/\/kanalpolityczny.tv\/","logo":{"@type":"ImageObject","inLanguage":"pl-PL","@id":"https:\/\/kanalpolityczny.tv\/#\/schema\/logo\/image\/","url":"https:\/\/kanalpolityczny.tv\/wp-content\/uploads\/2025\/07\/cropped-Bez-nazwy-2.png","contentUrl":"https:\/\/kanalpolityczny.tv\/wp-content\/uploads\/2025\/07\/cropped-Bez-nazwy-2.png","width":526,"height":174,"caption":"Kana\u0142Polityczny.TV"},"image":{"@id":"https:\/\/kanalpolityczny.tv\/#\/schema\/logo\/image\/"}},{"@type":"Person","@id":"https:\/\/kanalpolityczny.tv\/#\/schema\/person\/fc214b6f7f453d60dbd2f73586a2a215","name":"Judyta Jankowska","image":{"@type":"ImageObject","inLanguage":"pl-PL","@id":"https:\/\/kanalpolityczny.tv\/wp-content\/uploads\/2025\/07\/cropped-gpt-image-1_wygeneruj_fotorealis-96x96.png","url":"https:\/\/kanalpolityczny.tv\/wp-content\/uploads\/2025\/07\/cropped-gpt-image-1_wygeneruj_fotorealis-96x96.png","contentUrl":"https:\/\/kanalpolityczny.tv\/wp-content\/uploads\/2025\/07\/cropped-gpt-image-1_wygeneruj_fotorealis-96x96.png","caption":"Judyta Jankowska"},"description":"29-letnia dziennikarka specjalizuj\u0105ca si\u0119 w tematyce spo\u0142ecznej i reporta\u017cu \u015bledczym. Od sze\u015bciu lat zwi\u0105zana z mediami \u2013 pracowa\u0142a m.in. w redakcjach og\u00f3lnopolskich portali informacyjnych i magazyn\u00f3w. Znana z dociekliwo\u015bci i umiej\u0119tno\u015bci budowania relacji z rozm\u00f3wcami. Jej pasj\u0105 s\u0105 podr\u00f3\u017ce po mniej znanych zak\u0105tkach Polski, fotografia analogowa oraz bieganie w maratonach miejskich. W wolnych chwilach prowadzi bloga o lokalnych inicjatywach spo\u0142ecznych.","sameAs":["https:\/\/kanalpolityczny.tv"],"url":"https:\/\/kanalpolityczny.tv\/index.php\/author\/admin3340\/"}]}},"_links":{"self":[{"href":"https:\/\/kanalpolityczny.tv\/index.php\/wp-json\/wp\/v2\/posts\/1177","targetHints":{"allow":["GET"]}}],"collection":[{"href":"https:\/\/kanalpolityczny.tv\/index.php\/wp-json\/wp\/v2\/posts"}],"about":[{"href":"https:\/\/kanalpolityczny.tv\/index.php\/wp-json\/wp\/v2\/types\/post"}],"author":[{"embeddable":true,"href":"https:\/\/kanalpolityczny.tv\/index.php\/wp-json\/wp\/v2\/users\/1"}],"replies":[{"embeddable":true,"href":"https:\/\/kanalpolityczny.tv\/index.php\/wp-json\/wp\/v2\/comments?post=1177"}],"version-history":[{"count":2,"href":"https:\/\/kanalpolityczny.tv\/index.php\/wp-json\/wp\/v2\/posts\/1177\/revisions"}],"predecessor-version":[{"id":1179,"href":"https:\/\/kanalpolityczny.tv\/index.php\/wp-json\/wp\/v2\/posts\/1177\/revisions\/1179"}],"wp:featuredmedia":[{"embeddable":true,"href":"https:\/\/kanalpolityczny.tv\/index.php\/wp-json\/wp\/v2\/media\/1164"}],"wp:attachment":[{"href":"https:\/\/kanalpolityczny.tv\/index.php\/wp-json\/wp\/v2\/media?parent=1177"}],"wp:term":[{"taxonomy":"category","embeddable":true,"href":"https:\/\/kanalpolityczny.tv\/index.php\/wp-json\/wp\/v2\/categories?post=1177"},{"taxonomy":"post_tag","embeddable":true,"href":"https:\/\/kanalpolityczny.tv\/index.php\/wp-json\/wp\/v2\/tags?post=1177"}],"curies":[{"name":"wp","href":"https:\/\/api.w.org\/{rel}","templated":true}]}}