{"id":1174,"date":"2026-03-09T21:48:03","date_gmt":"2026-03-09T20:48:03","guid":{"rendered":"https:\/\/kanalpolityczny.tv\/?p=1174"},"modified":"2026-03-09T21:48:14","modified_gmt":"2026-03-09T20:48:14","slug":"ziobro-ostro-odpowiada-czarzastemu-szopka-na-zlecenie-tuska","status":"publish","type":"post","link":"https:\/\/kanalpolityczny.tv\/index.php\/2026\/03\/09\/ziobro-ostro-odpowiada-czarzastemu-szopka-na-zlecenie-tuska\/","title":{"rendered":"Ziobro ostro odpowiada Czarzastemu. &#8222;Szopka na zlecenie Tuska&#8221;"},"content":{"rendered":"<h2><strong>Marsza\u0142ek Sejmu W\u0142odzimierz Czarzasty zapowiedzia\u0142 wniosek o odebranie Zbigniewowi Ziobrze diety poselskiej i wi\u0119kszo\u015bci wynagrodzenia w zwi\u0105zku z wystawionym za nim listem go\u0144czym. By\u0142y minister sprawiedliwo\u015bci, przebywaj\u0105cy na azylu politycznym na W\u0119grzech, nie pozostawi\u0142 tych s\u0142\u00f3w bez odpowiedzi. W emocjonalnym wpisie Ziobro nazwa\u0142 dzia\u0142ania marsza\u0142ka \u201et\u0119p\u0105 propagand\u0105\u201d i \u201eszopk\u0105 na zlecenie Tuska\u201d, przypominaj\u0105c o komunistycznej przesz\u0142o\u015bci polityka Lewicy.<\/strong><\/h2>\n<hr \/>\n<p><strong>Skr\u00f3t artyku\u0142u:<\/strong><\/p>\n<ul>\n<li>W\u0142odzimierz Czarzasty chce odebra\u0107 Zbigniewowi Ziobrze\u00a0<strong>diet\u0119 i 90 proc. wynagrodzenia<\/strong>\u00a0poselskiego.<\/li>\n<li>Zbigniew Ziobro twierdzi, \u017ce \u015brodki te zosta\u0142y mu ju\u017c zabrane przez prokuratur\u0119\u00a0<strong>w listopadzie ubieg\u0142ego roku<\/strong>.<\/li>\n<li>By\u0142y minister nazywa marsza\u0142ka\u00a0<strong>\u201eby\u0142ym komunistycznym aparatczykiem\u201d<\/strong>\u00a0realizuj\u0105cym zlecenia Donalda Tuska.<\/li>\n<li>Ziobro przebywa na W\u0119grzech, gdzie otrzyma\u0142\u00a0<strong>azyl polityczny<\/strong>, chroni\u0105cy go przed dzia\u0142aniami polskiej prokuratury.<\/li>\n<\/ul>\n<hr \/>\n<p>W\u0142odzimierz Czarzasty, wykorzystuj\u0105c media spo\u0142eczno\u015bciowe, og\u0142osi\u0142 plan finansowego uderzenia w by\u0142ego ministra sprawiedliwo\u015bci. Marsza\u0142ek Sejmu poinformowa\u0142, \u017ce 10 marca na prezydium Sejmu z\u0142o\u017cy wniosek o drastyczne obci\u0119cie uposa\u017cenia Zbigniewa Ziobry.\u00a0<strong>\u201eJak wiecie, prokuratura wystawi\u0142a list go\u0144czy. Sejm w tej sprawie dzia\u0142a szybciej. B\u0119dzie dostawa\u0142 od tego momentu 1350 z\u0142\u201d<\/strong>\u00a0\u2013 zapowiedzia\u0142 lider Lewicy, kwituj\u0105c sytuacj\u0119 s\u0142owami: \u201eTak sko\u0144czy\u0142a si\u0119 wycieczka zimorodka do miasteczka\u201d.<\/p>\n<p>Decyzja ta ma by\u0107 konsekwencj\u0105 poszukiwa\u0144 polityka listem go\u0144czym w zwi\u0105zku z zarzutami prokuratorskimi. Czarzasty sugeruje, \u017ce osoba ukrywaj\u0105ca si\u0119 przed wymiarem sprawiedliwo\u015bci nie powinna pobiera\u0107 publicznych pieni\u0119dzy z tytu\u0142u mandatu poselskiego.<\/p>\n<h3>Riposta Ziobry: \u201eSzopka i k\u0142amstwa\u201d<\/h3>\n<p>Zbigniew Ziobro zareagowa\u0142 b\u0142yskawicznie, publikuj\u0105c ostry wpis, w kt\u00f3rym punktuje hipokryzj\u0119 i brak merytorycznych podstaw dzia\u0142a\u0144 marsza\u0142ka. By\u0142y szef resortu sprawiedliwo\u015bci zwr\u00f3ci\u0142 uwag\u0119, \u017ce zapowied\u017a Czarzastego jest sp\u00f3\u017aniona i ma charakter czysto propagandowy.\u00a0<strong>\u201eProkuratura w sfabrykowanym na polityczne zam\u00f3wienie \u015bledztwie zabra\u0142a mi te \u015brodki ju\u017c w listopadzie ubieg\u0142ego roku \u2013 co do jednego z\u0142otego\u201d<\/strong>\u00a0\u2013 ujawni\u0142 Ziobro.<\/p>\n<p>Polityk PiS nie szcz\u0119dzi\u0142 mocnych s\u0142\u00f3w pod adresem marsza\u0142ka, nazywaj\u0105c go\u00a0<strong>\u201eby\u0142ym komunistycznym aparatczykiem\u201d<\/strong>, kt\u00f3ry urz\u0105dza \u201epropagandow\u0105 szopk\u0119 na zlecenie Tuska\u201d. Ziobro przypomnia\u0142 r\u00f3wnie\u017c o dro\u017cy\u017anie i niespe\u0142nionych obietnicach rz\u0105du, takich jak paliwo po 5,19 z\u0142, sugeruj\u0105c, \u017ce atak na niego ma odwr\u00f3ci\u0107 uwag\u0119 od problem\u00f3w Polak\u00f3w.\u00a0<strong>\u201eJak na kogo\u015b, kto bra\u0142 udzia\u0142 w postkomunistycznym z\u0142odziejstwie i pobiera\u0142 lekcje w Moskwie, ta propaganda jest wyj\u0105tkowo g\u0142upia i t\u0119pa\u201d<\/strong>\u00a0\u2013 podsumowa\u0142.<\/p>\n<h3>Azyl polityczny i zarzuty prokuratury<\/h3>\n<p>Zbigniew Ziobro od d\u0142u\u017cszego czasu przebywa na W\u0119grzech, gdzie w\u0142adze przyzna\u0142y mu\u00a0<strong>azyl polityczny i ochron\u0119 mi\u0119dzynarodow\u0105<\/strong>. Decyzja Budapesztu jest jasnym sygna\u0142em, \u017ce tamtejszy rz\u0105d uznaje dzia\u0142ania polskiej prokuratury za motywowane politycznie. Ziobro konsekwentnie twierdzi, \u017ce w Polsce rz\u0105dzonej przez Donalda Tuska nie ma szans na sprawiedliwy proces.<\/p>\n<p>Polska prokuratura zarzuca by\u0142emu ministrowi kierowanie zorganizowan\u0105 grup\u0105 przest\u0119pcz\u0105 oraz nadu\u017cycia w Funduszu Sprawiedliwo\u015bci. \u015aledczy twierdz\u0105, \u017ce Ziobro mia\u0142 pope\u0142ni\u0107 26 przest\u0119pstw, w tym ingerowa\u0107 w konkursy dotacyjne. Na pocz\u0105tku lutego wydano za nim list go\u0144czy, a policja opublikowa\u0142a jego wizerunek. Sprawa ta sta\u0142a si\u0119 jednym z g\u0142\u00f3wnych front\u00f3w politycznej walki mi\u0119dzy obecn\u0105 koalicj\u0105 a obozem Zjednoczonej Prawicy.<\/p>\n","protected":false},"excerpt":{"rendered":"<p>Marsza\u0142ek Sejmu W\u0142odzimierz Czarzasty zapowiedzia\u0142 wniosek o odebranie Zbigniewowi Ziobrze diety poselskiej i wi\u0119kszo\u015bci wynagrodzenia w zwi\u0105zku z wystawionym za nim listem go\u0144czym. By\u0142y minister sprawiedliwo\u015bci, przebywaj\u0105cy na azylu politycznym na W\u0119grzech, nie pozostawi\u0142 tych s\u0142\u00f3w bez odpowiedzi. W emocjonalnym wpisie Ziobro nazwa\u0142 dzia\u0142ania marsza\u0142ka \u201et\u0119p\u0105 propagand\u0105\u201d i \u201eszopk\u0105 na zlecenie Tuska\u201d, przypominaj\u0105c o komunistycznej [&hellip;]<\/p>\n","protected":false},"author":1,"featured_media":1168,"comment_status":"open","ping_status":"open","sticky":false,"template":"","format":"standard","meta":{"googlesitekit_rrm_CAowqI3HCw:productID":"","footnotes":""},"categories":[52],"tags":[],"class_list":["post-1174","post","type-post","status-publish","format-standard","has-post-thumbnail","hentry","category-kraj"],"yoast_head":"<!-- This site is optimized with the Yoast SEO plugin v27.5 - https:\/\/yoast.com\/product\/yoast-seo-wordpress\/ -->\n<title>Ziobro ostro odpowiada Czarzastemu. &quot;Szopka na zlecenie Tuska&quot; - Kana\u0142Polityczny.TV<\/title>\n<meta name=\"robots\" content=\"index, follow, max-snippet:-1, max-image-preview:large, max-video-preview:-1\" \/>\n<link rel=\"canonical\" href=\"https:\/\/kanalpolityczny.tv\/index.php\/2026\/03\/09\/ziobro-ostro-odpowiada-czarzastemu-szopka-na-zlecenie-tuska\/\" \/>\n<meta property=\"og:locale\" content=\"pl_PL\" \/>\n<meta property=\"og:type\" content=\"article\" \/>\n<meta property=\"og:title\" content=\"Ziobro ostro odpowiada Czarzastemu. &quot;Szopka na zlecenie Tuska&quot; - Kana\u0142Polityczny.TV\" \/>\n<meta property=\"og:description\" content=\"Marsza\u0142ek Sejmu W\u0142odzimierz Czarzasty zapowiedzia\u0142 wniosek o odebranie Zbigniewowi Ziobrze diety poselskiej i wi\u0119kszo\u015bci wynagrodzenia w zwi\u0105zku z wystawionym za nim listem go\u0144czym. By\u0142y minister sprawiedliwo\u015bci, przebywaj\u0105cy na azylu politycznym na W\u0119grzech, nie pozostawi\u0142 tych s\u0142\u00f3w bez odpowiedzi. W emocjonalnym wpisie Ziobro nazwa\u0142 dzia\u0142ania marsza\u0142ka \u201et\u0119p\u0105 propagand\u0105\u201d i \u201eszopk\u0105 na zlecenie Tuska\u201d, przypominaj\u0105c o komunistycznej [&hellip;]\" \/>\n<meta property=\"og:url\" content=\"https:\/\/kanalpolityczny.tv\/index.php\/2026\/03\/09\/ziobro-ostro-odpowiada-czarzastemu-szopka-na-zlecenie-tuska\/\" \/>\n<meta property=\"og:site_name\" content=\"Kana\u0142Polityczny.TV\" \/>\n<meta property=\"article:published_time\" content=\"2026-03-09T20:48:03+00:00\" \/>\n<meta property=\"article:modified_time\" content=\"2026-03-09T20:48:14+00:00\" \/>\n<meta property=\"og:image\" content=\"https:\/\/kanalpolityczny.tv\/wp-content\/uploads\/2026\/03\/wlodzimierz_czarzasty-1.jpg\" \/>\n\t<meta property=\"og:image:width\" content=\"1280\" \/>\n\t<meta property=\"og:image:height\" content=\"720\" \/>\n\t<meta property=\"og:image:type\" content=\"image\/jpeg\" \/>\n<meta name=\"author\" content=\"Judyta Jankowska\" \/>\n<meta name=\"twitter:card\" content=\"summary_large_image\" \/>\n<meta name=\"twitter:label1\" content=\"Napisane przez\" \/>\n\t<meta name=\"twitter:data1\" content=\"Judyta Jankowska\" \/>\n\t<meta name=\"twitter:label2\" content=\"Szacowany czas czytania\" \/>\n\t<meta name=\"twitter:data2\" content=\"3 minuty\" \/>\n<script type=\"application\/ld+json\" class=\"yoast-schema-graph\">{\"@context\":\"https:\\\/\\\/schema.org\",\"@graph\":[{\"@type\":\"Article\",\"@id\":\"https:\\\/\\\/kanalpolityczny.tv\\\/index.php\\\/2026\\\/03\\\/09\\\/ziobro-ostro-odpowiada-czarzastemu-szopka-na-zlecenie-tuska\\\/#article\",\"isPartOf\":{\"@id\":\"https:\\\/\\\/kanalpolityczny.tv\\\/index.php\\\/2026\\\/03\\\/09\\\/ziobro-ostro-odpowiada-czarzastemu-szopka-na-zlecenie-tuska\\\/\"},\"author\":{\"name\":\"Judyta Jankowska\",\"@id\":\"https:\\\/\\\/kanalpolityczny.tv\\\/#\\\/schema\\\/person\\\/fc214b6f7f453d60dbd2f73586a2a215\"},\"headline\":\"Ziobro ostro odpowiada Czarzastemu. &#8222;Szopka na zlecenie Tuska&#8221;\",\"datePublished\":\"2026-03-09T20:48:03+00:00\",\"dateModified\":\"2026-03-09T20:48:14+00:00\",\"mainEntityOfPage\":{\"@id\":\"https:\\\/\\\/kanalpolityczny.tv\\\/index.php\\\/2026\\\/03\\\/09\\\/ziobro-ostro-odpowiada-czarzastemu-szopka-na-zlecenie-tuska\\\/\"},\"wordCount\":562,\"commentCount\":0,\"publisher\":{\"@id\":\"https:\\\/\\\/kanalpolityczny.tv\\\/#organization\"},\"image\":{\"@id\":\"https:\\\/\\\/kanalpolityczny.tv\\\/index.php\\\/2026\\\/03\\\/09\\\/ziobro-ostro-odpowiada-czarzastemu-szopka-na-zlecenie-tuska\\\/#primaryimage\"},\"thumbnailUrl\":\"https:\\\/\\\/kanalpolityczny.tv\\\/wp-content\\\/uploads\\\/2026\\\/03\\\/wlodzimierz_czarzasty-1.jpg\",\"articleSection\":[\"Kraj\"],\"inLanguage\":\"pl-PL\",\"potentialAction\":[{\"@type\":\"CommentAction\",\"name\":\"Comment\",\"target\":[\"https:\\\/\\\/kanalpolityczny.tv\\\/index.php\\\/2026\\\/03\\\/09\\\/ziobro-ostro-odpowiada-czarzastemu-szopka-na-zlecenie-tuska\\\/#respond\"]}]},{\"@type\":\"WebPage\",\"@id\":\"https:\\\/\\\/kanalpolityczny.tv\\\/index.php\\\/2026\\\/03\\\/09\\\/ziobro-ostro-odpowiada-czarzastemu-szopka-na-zlecenie-tuska\\\/\",\"url\":\"https:\\\/\\\/kanalpolityczny.tv\\\/index.php\\\/2026\\\/03\\\/09\\\/ziobro-ostro-odpowiada-czarzastemu-szopka-na-zlecenie-tuska\\\/\",\"name\":\"Ziobro ostro odpowiada Czarzastemu. \\\"Szopka na zlecenie Tuska\\\" - Kana\u0142Polityczny.TV\",\"isPartOf\":{\"@id\":\"https:\\\/\\\/kanalpolityczny.tv\\\/#website\"},\"primaryImageOfPage\":{\"@id\":\"https:\\\/\\\/kanalpolityczny.tv\\\/index.php\\\/2026\\\/03\\\/09\\\/ziobro-ostro-odpowiada-czarzastemu-szopka-na-zlecenie-tuska\\\/#primaryimage\"},\"image\":{\"@id\":\"https:\\\/\\\/kanalpolityczny.tv\\\/index.php\\\/2026\\\/03\\\/09\\\/ziobro-ostro-odpowiada-czarzastemu-szopka-na-zlecenie-tuska\\\/#primaryimage\"},\"thumbnailUrl\":\"https:\\\/\\\/kanalpolityczny.tv\\\/wp-content\\\/uploads\\\/2026\\\/03\\\/wlodzimierz_czarzasty-1.jpg\",\"datePublished\":\"2026-03-09T20:48:03+00:00\",\"dateModified\":\"2026-03-09T20:48:14+00:00\",\"breadcrumb\":{\"@id\":\"https:\\\/\\\/kanalpolityczny.tv\\\/index.php\\\/2026\\\/03\\\/09\\\/ziobro-ostro-odpowiada-czarzastemu-szopka-na-zlecenie-tuska\\\/#breadcrumb\"},\"inLanguage\":\"pl-PL\",\"potentialAction\":[{\"@type\":\"ReadAction\",\"target\":[\"https:\\\/\\\/kanalpolityczny.tv\\\/index.php\\\/2026\\\/03\\\/09\\\/ziobro-ostro-odpowiada-czarzastemu-szopka-na-zlecenie-tuska\\\/\"]}]},{\"@type\":\"ImageObject\",\"inLanguage\":\"pl-PL\",\"@id\":\"https:\\\/\\\/kanalpolityczny.tv\\\/index.php\\\/2026\\\/03\\\/09\\\/ziobro-ostro-odpowiada-czarzastemu-szopka-na-zlecenie-tuska\\\/#primaryimage\",\"url\":\"https:\\\/\\\/kanalpolityczny.tv\\\/wp-content\\\/uploads\\\/2026\\\/03\\\/wlodzimierz_czarzasty-1.jpg\",\"contentUrl\":\"https:\\\/\\\/kanalpolityczny.tv\\\/wp-content\\\/uploads\\\/2026\\\/03\\\/wlodzimierz_czarzasty-1.jpg\",\"width\":1280,\"height\":720},{\"@type\":\"BreadcrumbList\",\"@id\":\"https:\\\/\\\/kanalpolityczny.tv\\\/index.php\\\/2026\\\/03\\\/09\\\/ziobro-ostro-odpowiada-czarzastemu-szopka-na-zlecenie-tuska\\\/#breadcrumb\",\"itemListElement\":[{\"@type\":\"ListItem\",\"position\":1,\"name\":\"Strona g\u0142\u00f3wna\",\"item\":\"https:\\\/\\\/kanalpolityczny.tv\\\/\"},{\"@type\":\"ListItem\",\"position\":2,\"name\":\"Ziobro ostro odpowiada Czarzastemu. &#8222;Szopka na zlecenie Tuska&#8221;\"}]},{\"@type\":\"WebSite\",\"@id\":\"https:\\\/\\\/kanalpolityczny.tv\\\/#website\",\"url\":\"https:\\\/\\\/kanalpolityczny.tv\\\/\",\"name\":\"Kana\u0142Polityczny.TV\",\"description\":\"\",\"publisher\":{\"@id\":\"https:\\\/\\\/kanalpolityczny.tv\\\/#organization\"},\"potentialAction\":[{\"@type\":\"SearchAction\",\"target\":{\"@type\":\"EntryPoint\",\"urlTemplate\":\"https:\\\/\\\/kanalpolityczny.tv\\\/?s={search_term_string}\"},\"query-input\":{\"@type\":\"PropertyValueSpecification\",\"valueRequired\":true,\"valueName\":\"search_term_string\"}}],\"inLanguage\":\"pl-PL\"},{\"@type\":\"Organization\",\"@id\":\"https:\\\/\\\/kanalpolityczny.tv\\\/#organization\",\"name\":\"Kana\u0142Polityczny.TV\",\"url\":\"https:\\\/\\\/kanalpolityczny.tv\\\/\",\"logo\":{\"@type\":\"ImageObject\",\"inLanguage\":\"pl-PL\",\"@id\":\"https:\\\/\\\/kanalpolityczny.tv\\\/#\\\/schema\\\/logo\\\/image\\\/\",\"url\":\"https:\\\/\\\/kanalpolityczny.tv\\\/wp-content\\\/uploads\\\/2025\\\/07\\\/cropped-Bez-nazwy-2.png\",\"contentUrl\":\"https:\\\/\\\/kanalpolityczny.tv\\\/wp-content\\\/uploads\\\/2025\\\/07\\\/cropped-Bez-nazwy-2.png\",\"width\":526,\"height\":174,\"caption\":\"Kana\u0142Polityczny.TV\"},\"image\":{\"@id\":\"https:\\\/\\\/kanalpolityczny.tv\\\/#\\\/schema\\\/logo\\\/image\\\/\"}},{\"@type\":\"Person\",\"@id\":\"https:\\\/\\\/kanalpolityczny.tv\\\/#\\\/schema\\\/person\\\/fc214b6f7f453d60dbd2f73586a2a215\",\"name\":\"Judyta Jankowska\",\"image\":{\"@type\":\"ImageObject\",\"inLanguage\":\"pl-PL\",\"@id\":\"http:\\\/\\\/kanalpolityczny.tv\\\/wp-content\\\/uploads\\\/2025\\\/07\\\/cropped-gpt-image-1_wygeneruj_fotorealis-96x96.png\",\"url\":\"http:\\\/\\\/kanalpolityczny.tv\\\/wp-content\\\/uploads\\\/2025\\\/07\\\/cropped-gpt-image-1_wygeneruj_fotorealis-96x96.png\",\"contentUrl\":\"http:\\\/\\\/kanalpolityczny.tv\\\/wp-content\\\/uploads\\\/2025\\\/07\\\/cropped-gpt-image-1_wygeneruj_fotorealis-96x96.png\",\"caption\":\"Judyta Jankowska\"},\"description\":\"29-letnia dziennikarka specjalizuj\u0105ca si\u0119 w tematyce spo\u0142ecznej i reporta\u017cu \u015bledczym. Od sze\u015bciu lat zwi\u0105zana z mediami \u2013 pracowa\u0142a m.in. w redakcjach og\u00f3lnopolskich portali informacyjnych i magazyn\u00f3w. Znana z dociekliwo\u015bci i umiej\u0119tno\u015bci budowania relacji z rozm\u00f3wcami. Jej pasj\u0105 s\u0105 podr\u00f3\u017ce po mniej znanych zak\u0105tkach Polski, fotografia analogowa oraz bieganie w maratonach miejskich. W wolnych chwilach prowadzi bloga o lokalnych inicjatywach spo\u0142ecznych.\",\"sameAs\":[\"http:\\\/\\\/kanalpolityczny.tv\"],\"url\":\"https:\\\/\\\/kanalpolityczny.tv\\\/index.php\\\/author\\\/admin3340\\\/\"}]}<\/script>\n<!-- \/ Yoast SEO plugin. -->","yoast_head_json":{"title":"Ziobro ostro odpowiada Czarzastemu. \"Szopka na zlecenie Tuska\" - Kana\u0142Polityczny.TV","robots":{"index":"index","follow":"follow","max-snippet":"max-snippet:-1","max-image-preview":"max-image-preview:large","max-video-preview":"max-video-preview:-1"},"canonical":"https:\/\/kanalpolityczny.tv\/index.php\/2026\/03\/09\/ziobro-ostro-odpowiada-czarzastemu-szopka-na-zlecenie-tuska\/","og_locale":"pl_PL","og_type":"article","og_title":"Ziobro ostro odpowiada Czarzastemu. \"Szopka na zlecenie Tuska\" - Kana\u0142Polityczny.TV","og_description":"Marsza\u0142ek Sejmu W\u0142odzimierz Czarzasty zapowiedzia\u0142 wniosek o odebranie Zbigniewowi Ziobrze diety poselskiej i wi\u0119kszo\u015bci wynagrodzenia w zwi\u0105zku z wystawionym za nim listem go\u0144czym. By\u0142y minister sprawiedliwo\u015bci, przebywaj\u0105cy na azylu politycznym na W\u0119grzech, nie pozostawi\u0142 tych s\u0142\u00f3w bez odpowiedzi. W emocjonalnym wpisie Ziobro nazwa\u0142 dzia\u0142ania marsza\u0142ka \u201et\u0119p\u0105 propagand\u0105\u201d i \u201eszopk\u0105 na zlecenie Tuska\u201d, przypominaj\u0105c o komunistycznej [&hellip;]","og_url":"https:\/\/kanalpolityczny.tv\/index.php\/2026\/03\/09\/ziobro-ostro-odpowiada-czarzastemu-szopka-na-zlecenie-tuska\/","og_site_name":"Kana\u0142Polityczny.TV","article_published_time":"2026-03-09T20:48:03+00:00","article_modified_time":"2026-03-09T20:48:14+00:00","og_image":[{"width":1280,"height":720,"url":"https:\/\/kanalpolityczny.tv\/wp-content\/uploads\/2026\/03\/wlodzimierz_czarzasty-1.jpg","type":"image\/jpeg"}],"author":"Judyta Jankowska","twitter_card":"summary_large_image","twitter_misc":{"Napisane przez":"Judyta Jankowska","Szacowany czas czytania":"3 minuty"},"schema":{"@context":"https:\/\/schema.org","@graph":[{"@type":"Article","@id":"https:\/\/kanalpolityczny.tv\/index.php\/2026\/03\/09\/ziobro-ostro-odpowiada-czarzastemu-szopka-na-zlecenie-tuska\/#article","isPartOf":{"@id":"https:\/\/kanalpolityczny.tv\/index.php\/2026\/03\/09\/ziobro-ostro-odpowiada-czarzastemu-szopka-na-zlecenie-tuska\/"},"author":{"name":"Judyta Jankowska","@id":"https:\/\/kanalpolityczny.tv\/#\/schema\/person\/fc214b6f7f453d60dbd2f73586a2a215"},"headline":"Ziobro ostro odpowiada Czarzastemu. &#8222;Szopka na zlecenie Tuska&#8221;","datePublished":"2026-03-09T20:48:03+00:00","dateModified":"2026-03-09T20:48:14+00:00","mainEntityOfPage":{"@id":"https:\/\/kanalpolityczny.tv\/index.php\/2026\/03\/09\/ziobro-ostro-odpowiada-czarzastemu-szopka-na-zlecenie-tuska\/"},"wordCount":562,"commentCount":0,"publisher":{"@id":"https:\/\/kanalpolityczny.tv\/#organization"},"image":{"@id":"https:\/\/kanalpolityczny.tv\/index.php\/2026\/03\/09\/ziobro-ostro-odpowiada-czarzastemu-szopka-na-zlecenie-tuska\/#primaryimage"},"thumbnailUrl":"https:\/\/kanalpolityczny.tv\/wp-content\/uploads\/2026\/03\/wlodzimierz_czarzasty-1.jpg","articleSection":["Kraj"],"inLanguage":"pl-PL","potentialAction":[{"@type":"CommentAction","name":"Comment","target":["https:\/\/kanalpolityczny.tv\/index.php\/2026\/03\/09\/ziobro-ostro-odpowiada-czarzastemu-szopka-na-zlecenie-tuska\/#respond"]}]},{"@type":"WebPage","@id":"https:\/\/kanalpolityczny.tv\/index.php\/2026\/03\/09\/ziobro-ostro-odpowiada-czarzastemu-szopka-na-zlecenie-tuska\/","url":"https:\/\/kanalpolityczny.tv\/index.php\/2026\/03\/09\/ziobro-ostro-odpowiada-czarzastemu-szopka-na-zlecenie-tuska\/","name":"Ziobro ostro odpowiada Czarzastemu. \"Szopka na zlecenie Tuska\" - Kana\u0142Polityczny.TV","isPartOf":{"@id":"https:\/\/kanalpolityczny.tv\/#website"},"primaryImageOfPage":{"@id":"https:\/\/kanalpolityczny.tv\/index.php\/2026\/03\/09\/ziobro-ostro-odpowiada-czarzastemu-szopka-na-zlecenie-tuska\/#primaryimage"},"image":{"@id":"https:\/\/kanalpolityczny.tv\/index.php\/2026\/03\/09\/ziobro-ostro-odpowiada-czarzastemu-szopka-na-zlecenie-tuska\/#primaryimage"},"thumbnailUrl":"https:\/\/kanalpolityczny.tv\/wp-content\/uploads\/2026\/03\/wlodzimierz_czarzasty-1.jpg","datePublished":"2026-03-09T20:48:03+00:00","dateModified":"2026-03-09T20:48:14+00:00","breadcrumb":{"@id":"https:\/\/kanalpolityczny.tv\/index.php\/2026\/03\/09\/ziobro-ostro-odpowiada-czarzastemu-szopka-na-zlecenie-tuska\/#breadcrumb"},"inLanguage":"pl-PL","potentialAction":[{"@type":"ReadAction","target":["https:\/\/kanalpolityczny.tv\/index.php\/2026\/03\/09\/ziobro-ostro-odpowiada-czarzastemu-szopka-na-zlecenie-tuska\/"]}]},{"@type":"ImageObject","inLanguage":"pl-PL","@id":"https:\/\/kanalpolityczny.tv\/index.php\/2026\/03\/09\/ziobro-ostro-odpowiada-czarzastemu-szopka-na-zlecenie-tuska\/#primaryimage","url":"https:\/\/kanalpolityczny.tv\/wp-content\/uploads\/2026\/03\/wlodzimierz_czarzasty-1.jpg","contentUrl":"https:\/\/kanalpolityczny.tv\/wp-content\/uploads\/2026\/03\/wlodzimierz_czarzasty-1.jpg","width":1280,"height":720},{"@type":"BreadcrumbList","@id":"https:\/\/kanalpolityczny.tv\/index.php\/2026\/03\/09\/ziobro-ostro-odpowiada-czarzastemu-szopka-na-zlecenie-tuska\/#breadcrumb","itemListElement":[{"@type":"ListItem","position":1,"name":"Strona g\u0142\u00f3wna","item":"https:\/\/kanalpolityczny.tv\/"},{"@type":"ListItem","position":2,"name":"Ziobro ostro odpowiada Czarzastemu. &#8222;Szopka na zlecenie Tuska&#8221;"}]},{"@type":"WebSite","@id":"https:\/\/kanalpolityczny.tv\/#website","url":"https:\/\/kanalpolityczny.tv\/","name":"Kana\u0142Polityczny.TV","description":"","publisher":{"@id":"https:\/\/kanalpolityczny.tv\/#organization"},"potentialAction":[{"@type":"SearchAction","target":{"@type":"EntryPoint","urlTemplate":"https:\/\/kanalpolityczny.tv\/?s={search_term_string}"},"query-input":{"@type":"PropertyValueSpecification","valueRequired":true,"valueName":"search_term_string"}}],"inLanguage":"pl-PL"},{"@type":"Organization","@id":"https:\/\/kanalpolityczny.tv\/#organization","name":"Kana\u0142Polityczny.TV","url":"https:\/\/kanalpolityczny.tv\/","logo":{"@type":"ImageObject","inLanguage":"pl-PL","@id":"https:\/\/kanalpolityczny.tv\/#\/schema\/logo\/image\/","url":"https:\/\/kanalpolityczny.tv\/wp-content\/uploads\/2025\/07\/cropped-Bez-nazwy-2.png","contentUrl":"https:\/\/kanalpolityczny.tv\/wp-content\/uploads\/2025\/07\/cropped-Bez-nazwy-2.png","width":526,"height":174,"caption":"Kana\u0142Polityczny.TV"},"image":{"@id":"https:\/\/kanalpolityczny.tv\/#\/schema\/logo\/image\/"}},{"@type":"Person","@id":"https:\/\/kanalpolityczny.tv\/#\/schema\/person\/fc214b6f7f453d60dbd2f73586a2a215","name":"Judyta Jankowska","image":{"@type":"ImageObject","inLanguage":"pl-PL","@id":"https:\/\/kanalpolityczny.tv\/wp-content\/uploads\/2025\/07\/cropped-gpt-image-1_wygeneruj_fotorealis-96x96.png","url":"https:\/\/kanalpolityczny.tv\/wp-content\/uploads\/2025\/07\/cropped-gpt-image-1_wygeneruj_fotorealis-96x96.png","contentUrl":"https:\/\/kanalpolityczny.tv\/wp-content\/uploads\/2025\/07\/cropped-gpt-image-1_wygeneruj_fotorealis-96x96.png","caption":"Judyta Jankowska"},"description":"29-letnia dziennikarka specjalizuj\u0105ca si\u0119 w tematyce spo\u0142ecznej i reporta\u017cu \u015bledczym. Od sze\u015bciu lat zwi\u0105zana z mediami \u2013 pracowa\u0142a m.in. w redakcjach og\u00f3lnopolskich portali informacyjnych i magazyn\u00f3w. Znana z dociekliwo\u015bci i umiej\u0119tno\u015bci budowania relacji z rozm\u00f3wcami. Jej pasj\u0105 s\u0105 podr\u00f3\u017ce po mniej znanych zak\u0105tkach Polski, fotografia analogowa oraz bieganie w maratonach miejskich. W wolnych chwilach prowadzi bloga o lokalnych inicjatywach spo\u0142ecznych.","sameAs":["https:\/\/kanalpolityczny.tv"],"url":"https:\/\/kanalpolityczny.tv\/index.php\/author\/admin3340\/"}]}},"_links":{"self":[{"href":"https:\/\/kanalpolityczny.tv\/index.php\/wp-json\/wp\/v2\/posts\/1174","targetHints":{"allow":["GET"]}}],"collection":[{"href":"https:\/\/kanalpolityczny.tv\/index.php\/wp-json\/wp\/v2\/posts"}],"about":[{"href":"https:\/\/kanalpolityczny.tv\/index.php\/wp-json\/wp\/v2\/types\/post"}],"author":[{"embeddable":true,"href":"https:\/\/kanalpolityczny.tv\/index.php\/wp-json\/wp\/v2\/users\/1"}],"replies":[{"embeddable":true,"href":"https:\/\/kanalpolityczny.tv\/index.php\/wp-json\/wp\/v2\/comments?post=1174"}],"version-history":[{"count":2,"href":"https:\/\/kanalpolityczny.tv\/index.php\/wp-json\/wp\/v2\/posts\/1174\/revisions"}],"predecessor-version":[{"id":1176,"href":"https:\/\/kanalpolityczny.tv\/index.php\/wp-json\/wp\/v2\/posts\/1174\/revisions\/1176"}],"wp:featuredmedia":[{"embeddable":true,"href":"https:\/\/kanalpolityczny.tv\/index.php\/wp-json\/wp\/v2\/media\/1168"}],"wp:attachment":[{"href":"https:\/\/kanalpolityczny.tv\/index.php\/wp-json\/wp\/v2\/media?parent=1174"}],"wp:term":[{"taxonomy":"category","embeddable":true,"href":"https:\/\/kanalpolityczny.tv\/index.php\/wp-json\/wp\/v2\/categories?post=1174"},{"taxonomy":"post_tag","embeddable":true,"href":"https:\/\/kanalpolityczny.tv\/index.php\/wp-json\/wp\/v2\/tags?post=1174"}],"curies":[{"name":"wp","href":"https:\/\/api.w.org\/{rel}","templated":true}]}}